{"id":1729,"date":"2016-03-14T11:07:05","date_gmt":"2016-03-14T10:07:05","guid":{"rendered":"https:\/\/blog.zhdk.ch\/disabilityonstage\/?p=1729"},"modified":"2016-09-08T16:13:10","modified_gmt":"2016-09-08T14:13:10","slug":"kickoff-von-zyklus-regie-nora-tosconi","status":"publish","type":"post","link":"https:\/\/blog.zhdk.ch\/disabilityonstage\/2016\/03\/14\/kickoff-von-zyklus-regie-nora-tosconi\/","title":{"rendered":"Kickoff von ZYKLUS (Regie: Nora Tosconi)"},"content":{"rendered":"<p>Am Freitag dem 11. M\u00e4rz war der Aufstelltag von Nora Tosconis (Schauspielerin, Theater HORA) Regieprojekt ZYKLUS. Die Aufbauarbeiten waren sehr intensiv, da die B\u00fchne im Verlaufe der Woche unter Wasser gesetzt werden wird. Ausserdem wurden Kost\u00fcme anprobiert, Leitern erklommen und H\u00f6hen\u00e4ngste bew\u00e4ltigt. Wir freuen uns auf eine spannende Woche.<\/p>\n<p><a href=\"http:\/\/www.hora.ch\/2013\/index.php?s=1&amp;l1=485&amp;produktion=951\">Hier<\/a> geht es zur Noras Regiekonzept&#8230;<\/p>\n","protected":false},"excerpt":{"rendered":"<p>Am Freitag dem 11. M\u00e4rz war der Aufstelltag von Nora Tosconis (Schauspielerin, Theater HORA) Regieprojekt ZYKLUS. Die Aufbauarbeiten waren sehr intensiv, da die B\u00fchne im Verlaufe der Woche unter Wasser gesetzt werden wird. Ausserdem wurden Kost\u00fcme anprobiert, Leitern erklommen und &hellip; <a href=\"https:\/\/blog.zhdk.ch\/disabilityonstage\/2016\/03\/14\/kickoff-von-zyklus-regie-nora-tosconi\/\">Weiterlesen <span class=\"meta-nav\">&rarr;<\/span><\/a><\/p>\n","protected":false},"author":3008,"featured_media":0,"comment_status":"open","ping_status":"open","sticky":false,"template":"","format":"standard","meta":{"ngg_post_thumbnail":0,"footnotes":""},"categories":[376813,376817],"tags":[],"class_list":["post-1729","post","type-post","status-publish","format-standard","hentry","category-freie-republik-hora","category-zyklus"],"_links":{"self":[{"href":"https:\/\/blog.zhdk.ch\/disabilityonstage\/wp-json\/wp\/v2\/posts\/1729","targetHints":{"allow":["GET"]}}],"collection":[{"href":"https:\/\/blog.zhdk.ch\/disabilityonstage\/wp-json\/wp\/v2\/posts"}],"about":[{"href":"https:\/\/blog.zhdk.ch\/disabilityonstage\/wp-json\/wp\/v2\/types\/post"}],"author":[{"embeddable":true,"href":"https:\/\/blog.zhdk.ch\/disabilityonstage\/wp-json\/wp\/v2\/users\/3008"}],"replies":[{"embeddable":true,"href":"https:\/\/blog.zhdk.ch\/disabilityonstage\/wp-json\/wp\/v2\/comments?post=1729"}],"version-history":[{"count":3,"href":"https:\/\/blog.zhdk.ch\/disabilityonstage\/wp-json\/wp\/v2\/posts\/1729\/revisions"}],"predecessor-version":[{"id":4245,"href":"https:\/\/blog.zhdk.ch\/disabilityonstage\/wp-json\/wp\/v2\/posts\/1729\/revisions\/4245"}],"wp:attachment":[{"href":"https:\/\/blog.zhdk.ch\/disabilityonstage\/wp-json\/wp\/v2\/media?parent=1729"}],"wp:term":[{"taxonomy":"category","embeddable":true,"href":"https:\/\/blog.zhdk.ch\/disabilityonstage\/wp-json\/wp\/v2\/categories?post=1729"},{"taxonomy":"post_tag","embeddable":true,"href":"https:\/\/blog.zhdk.ch\/disabilityonstage\/wp-json\/wp\/v2\/tags?post=1729"}],"curies":[{"name":"wp","href":"https:\/\/api.w.org\/{rel}","templated":true}]}}