{"id":6088,"date":"2017-09-11T08:42:01","date_gmt":"2017-09-11T06:42:01","guid":{"rendered":"https:\/\/blog.zhdk.ch\/disabilityonstage\/?p=6088"},"modified":"2017-09-11T09:28:36","modified_gmt":"2017-09-11T07:28:36","slug":"podiumsdiskussion-expertinnen-des-ausdrucks","status":"publish","type":"post","link":"https:\/\/blog.zhdk.ch\/disabilityonstage\/2017\/09\/11\/podiumsdiskussion-expertinnen-des-ausdrucks\/","title":{"rendered":"Podiumsdiskussion: ExpertInnen des Ausdrucks"},"content":{"rendered":"<p>Am Samstag, 28.10.2017 findet in der Roten Fabrik in Z\u00fcrich eine Podiumsdiskussion mit dem Titel &#8222;ExpertInnen des Ausdrucks &#8211; Wenn behinderte K\u00fcnstler performen&#8220; statt.<\/p>\n<p>Die DiskussionsteilnehmerInnen Yvonne Schmidt, Erwin Aljukic und Michael Nemitz besch\u00e4ftigen sich&nbsp;mit der Frage, was es bedeutet, wenn sich Menschen mit Behinderung auf Musik-, Tanz- oder Theaterb\u00fchnen bewegen.<\/p>\n<p>Alle weiteren Informationen sind auf dem <a href=\"https:\/\/blog.zhdk.ch\/disabilityonstage\/files\/2017\/09\/E_17_29_Expertinnen_des_Ausdrucks.pdf\" target=\"_blank\" rel=\"noopener\">Flyer<\/a> zu finden.<\/p>\n","protected":false},"excerpt":{"rendered":"<p>Am Samstag, 28.10.2017 findet in der Roten Fabrik in Z\u00fcrich eine Podiumsdiskussion mit dem Titel &#8222;ExpertInnen des Ausdrucks &#8211; Wenn behinderte K\u00fcnstler performen&#8220; statt. Die DiskussionsteilnehmerInnen Yvonne Schmidt, Erwin Aljukic und Michael Nemitz besch\u00e4ftigen sich&nbsp;mit der Frage, was es bedeutet, &hellip; <a href=\"https:\/\/blog.zhdk.ch\/disabilityonstage\/2017\/09\/11\/podiumsdiskussion-expertinnen-des-ausdrucks\/\">Weiterlesen <span class=\"meta-nav\">&rarr;<\/span><\/a><\/p>\n","protected":false},"author":3008,"featured_media":0,"comment_status":"open","ping_status":"open","sticky":false,"template":"","format":"standard","meta":{"ngg_post_thumbnail":0,"footnotes":""},"categories":[76],"tags":[],"class_list":["post-6088","post","type-post","status-publish","format-standard","hentry","category-allgemein"],"_links":{"self":[{"href":"https:\/\/blog.zhdk.ch\/disabilityonstage\/wp-json\/wp\/v2\/posts\/6088","targetHints":{"allow":["GET"]}}],"collection":[{"href":"https:\/\/blog.zhdk.ch\/disabilityonstage\/wp-json\/wp\/v2\/posts"}],"about":[{"href":"https:\/\/blog.zhdk.ch\/disabilityonstage\/wp-json\/wp\/v2\/types\/post"}],"author":[{"embeddable":true,"href":"https:\/\/blog.zhdk.ch\/disabilityonstage\/wp-json\/wp\/v2\/users\/3008"}],"replies":[{"embeddable":true,"href":"https:\/\/blog.zhdk.ch\/disabilityonstage\/wp-json\/wp\/v2\/comments?post=6088"}],"version-history":[{"count":6,"href":"https:\/\/blog.zhdk.ch\/disabilityonstage\/wp-json\/wp\/v2\/posts\/6088\/revisions"}],"predecessor-version":[{"id":6102,"href":"https:\/\/blog.zhdk.ch\/disabilityonstage\/wp-json\/wp\/v2\/posts\/6088\/revisions\/6102"}],"wp:attachment":[{"href":"https:\/\/blog.zhdk.ch\/disabilityonstage\/wp-json\/wp\/v2\/media?parent=6088"}],"wp:term":[{"taxonomy":"category","embeddable":true,"href":"https:\/\/blog.zhdk.ch\/disabilityonstage\/wp-json\/wp\/v2\/categories?post=6088"},{"taxonomy":"post_tag","embeddable":true,"href":"https:\/\/blog.zhdk.ch\/disabilityonstage\/wp-json\/wp\/v2\/tags?post=6088"}],"curies":[{"name":"wp","href":"https:\/\/api.w.org\/{rel}","templated":true}]}}