{"id":760,"date":"2015-12-01T10:54:24","date_gmt":"2015-12-01T09:54:24","guid":{"rendered":"https:\/\/blog.zhdk.ch\/disabilityonstage\/?p=760"},"modified":"2016-02-25T11:23:12","modified_gmt":"2016-02-25T10:23:12","slug":"freie-republik-hora-was-sieht-dein-blick","status":"publish","type":"post","link":"https:\/\/blog.zhdk.ch\/disabilityonstage\/2015\/12\/01\/freie-republik-hora-was-sieht-dein-blick\/","title":{"rendered":"Freie Republik HORA: Was sieht Dein Blick?"},"content":{"rendered":"<p>Nicht verpassen! Am 4. und 5. Dezember findet die Workshop-Tagung zum Sprechen \u00fcber Regie-\u00c4sthetiken von K\u00fcnstlerinnen und K\u00fcnstlern mit &#8218;geistiger Behinderung&#8216; statt.<\/p>\n<p><span class=\"text_exposed_show\">Alle wichtigen Informationen sind <a href=\"https:\/\/blog.zhdk.ch\/disabilityonstage\/archiv\/\">hier<\/a> zu finden!<br \/>\n<\/span><\/p>\n","protected":false},"excerpt":{"rendered":"<p>Nicht verpassen! Am 4. und 5. Dezember findet die Workshop-Tagung zum Sprechen \u00fcber Regie-\u00c4sthetiken von K\u00fcnstlerinnen und K\u00fcnstlern mit &#8218;geistiger Behinderung&#8216; statt. Alle wichtigen Informationen sind hier zu finden!<\/p>\n","protected":false},"author":3008,"featured_media":0,"comment_status":"open","ping_status":"open","sticky":false,"template":"","format":"standard","meta":{"ngg_post_thumbnail":0,"footnotes":""},"categories":[101],"tags":[],"class_list":["post-760","post","type-post","status-publish","format-standard","hentry","category-veranstaltungen"],"_links":{"self":[{"href":"https:\/\/blog.zhdk.ch\/disabilityonstage\/wp-json\/wp\/v2\/posts\/760","targetHints":{"allow":["GET"]}}],"collection":[{"href":"https:\/\/blog.zhdk.ch\/disabilityonstage\/wp-json\/wp\/v2\/posts"}],"about":[{"href":"https:\/\/blog.zhdk.ch\/disabilityonstage\/wp-json\/wp\/v2\/types\/post"}],"author":[{"embeddable":true,"href":"https:\/\/blog.zhdk.ch\/disabilityonstage\/wp-json\/wp\/v2\/users\/3008"}],"replies":[{"embeddable":true,"href":"https:\/\/blog.zhdk.ch\/disabilityonstage\/wp-json\/wp\/v2\/comments?post=760"}],"version-history":[{"count":2,"href":"https:\/\/blog.zhdk.ch\/disabilityonstage\/wp-json\/wp\/v2\/posts\/760\/revisions"}],"predecessor-version":[{"id":778,"href":"https:\/\/blog.zhdk.ch\/disabilityonstage\/wp-json\/wp\/v2\/posts\/760\/revisions\/778"}],"wp:attachment":[{"href":"https:\/\/blog.zhdk.ch\/disabilityonstage\/wp-json\/wp\/v2\/media?parent=760"}],"wp:term":[{"taxonomy":"category","embeddable":true,"href":"https:\/\/blog.zhdk.ch\/disabilityonstage\/wp-json\/wp\/v2\/categories?post=760"},{"taxonomy":"post_tag","embeddable":true,"href":"https:\/\/blog.zhdk.ch\/disabilityonstage\/wp-json\/wp\/v2\/tags?post=760"}],"curies":[{"name":"wp","href":"https:\/\/api.w.org\/{rel}","templated":true}]}}