{"id":558,"date":"2015-03-02T23:47:50","date_gmt":"2015-03-02T22:47:50","guid":{"rendered":"https:\/\/blog.zhdk.ch\/farblichtzentrum\/?p=558"},"modified":"2017-04-09T22:14:53","modified_gmt":"2017-04-09T20:14:53","slug":"mischa-kuball","status":"publish","type":"post","link":"https:\/\/blog.zhdk.ch\/farblichtzentrum\/mischa-kuball\/","title":{"rendered":"Mischa Kuball"},"content":{"rendered":"\n\t\t\t<div id='gallery-558-1' class='gallery gallery-558'>\n\t\t\t\t<div class='gallery-row gallery-col-6 gallery-clear'>\n\t\t\t\t\t<figure class='gallery-item col-6'>\n\t\t\t\t\t\t<div class='gallery-icon '><a href='https:\/\/blog.zhdk.ch\/farblichtzentrum\/files\/2015\/03\/en-refractionhouse-1-l-e1425423103326.jpg'><img loading=\"lazy\" decoding=\"async\" width=\"150\" height=\"100\" src=\"https:\/\/blog.zhdk.ch\/farblichtzentrum\/files\/2015\/03\/en-refractionhouse-1-l-e1425423103326-150x100.jpg\" class=\"attachment-thumbnail size-thumbnail\" alt=\"\" \/><\/a><\/div>\n\t\t\t\t\t<\/figure>\n\t\t\t\t\t<figure class='gallery-item col-6'>\n\t\t\t\t\t\t<div class='gallery-icon '><a href='https:\/\/blog.zhdk.ch\/farblichtzentrum\/files\/2015\/03\/de-refractionhouse-2-l.jpg'><img loading=\"lazy\" decoding=\"async\" width=\"150\" height=\"100\" src=\"https:\/\/blog.zhdk.ch\/farblichtzentrum\/files\/2015\/03\/de-refractionhouse-2-l-150x100.jpg\" class=\"attachment-thumbnail size-thumbnail\" alt=\"\" srcset=\"https:\/\/blog.zhdk.ch\/farblichtzentrum\/files\/2015\/03\/de-refractionhouse-2-l-150x100.jpg 150w, https:\/\/blog.zhdk.ch\/farblichtzentrum\/files\/2015\/03\/de-refractionhouse-2-l-533x360.jpg 533w\" sizes=\"auto, (max-width: 150px) 100vw, 150px\" \/><\/a><\/div>\n\t\t\t\t\t<\/figure>\n\t\t\t\t\t<figure class='gallery-item col-6'>\n\t\t\t\t\t\t<div class='gallery-icon '><a href='https:\/\/blog.zhdk.ch\/farblichtzentrum\/files\/2015\/03\/kuball.jpg'><img loading=\"lazy\" decoding=\"async\" width=\"150\" height=\"100\" src=\"https:\/\/blog.zhdk.ch\/farblichtzentrum\/files\/2015\/03\/kuball-150x100.jpg\" class=\"attachment-thumbnail size-thumbnail\" alt=\"\" \/><\/a><\/div>\n\t\t\t\t\t<\/figure>\n\t\t\t\t\t<figure class='gallery-item col-6'>\n\t\t\t\t\t\t<div class='gallery-icon '><a href='https:\/\/blog.zhdk.ch\/farblichtzentrum\/files\/2015\/03\/01_Lichtkunst_im_Kontext_DDE15.003.jpg'><img loading=\"lazy\" decoding=\"async\" width=\"150\" height=\"100\" src=\"https:\/\/blog.zhdk.ch\/farblichtzentrum\/files\/2015\/03\/01_Lichtkunst_im_Kontext_DDE15.003-150x100.jpg\" class=\"attachment-thumbnail size-thumbnail\" alt=\"\" \/><\/a><\/div>\n\t\t\t\t\t<\/figure>\n\t\t\t\t\t<figure class='gallery-item col-6'>\n\t\t\t\t\t\t<div class='gallery-icon '><a href='https:\/\/blog.zhdk.ch\/farblichtzentrum\/files\/2015\/03\/01_Lichtkunst_im_Kontext_DDE15.004.jpg'><img loading=\"lazy\" decoding=\"async\" width=\"150\" height=\"100\" src=\"https:\/\/blog.zhdk.ch\/farblichtzentrum\/files\/2015\/03\/01_Lichtkunst_im_Kontext_DDE15.004-150x100.jpg\" class=\"attachment-thumbnail size-thumbnail\" alt=\"\" \/><\/a><\/div>\n\t\t\t\t\t<\/figure>\n\t\t\t\t\t<figure class='gallery-item col-6'>\n\t\t\t\t\t\t<div class='gallery-icon '><a href='https:\/\/blog.zhdk.ch\/farblichtzentrum\/files\/2015\/03\/01_Lichtkunst_im_Kontext_DDE15.001.jpg'><img loading=\"lazy\" decoding=\"async\" width=\"150\" height=\"100\" src=\"https:\/\/blog.zhdk.ch\/farblichtzentrum\/files\/2015\/03\/01_Lichtkunst_im_Kontext_DDE15.001-150x100.jpg\" class=\"attachment-thumbnail size-thumbnail\" alt=\"\" \/><\/a><\/div>\n\t\t\t\t\t<\/figure>\n\t\t\t\t<\/div>\n\t\t\t\t<div class='gallery-row gallery-col-6 gallery-clear'>\n\t\t\t\t\t<figure class='gallery-item col-6'>\n\t\t\t\t\t\t<div class='gallery-icon '><a href='https:\/\/blog.zhdk.ch\/farblichtzentrum\/files\/2015\/03\/01_Lichtkunst_im_Kontext_DDE15.002.jpg'><img loading=\"lazy\" decoding=\"async\" width=\"150\" height=\"100\" src=\"https:\/\/blog.zhdk.ch\/farblichtzentrum\/files\/2015\/03\/01_Lichtkunst_im_Kontext_DDE15.002-150x100.jpg\" class=\"attachment-thumbnail size-thumbnail\" alt=\"\" \/><\/a><\/div>\n\t\t\t\t\t<\/figure>\n\t\t\t\t\t<figure class='gallery-item col-6'>\n\t\t\t\t\t\t<div class='gallery-icon '><a href='https:\/\/blog.zhdk.ch\/farblichtzentrum\/files\/2015\/03\/de-megazeichen-3-l.jpg'><img loading=\"lazy\" decoding=\"async\" width=\"150\" height=\"100\" src=\"https:\/\/blog.zhdk.ch\/farblichtzentrum\/files\/2015\/03\/de-megazeichen-3-l-150x100.jpg\" class=\"attachment-thumbnail size-thumbnail\" alt=\"\" \/><\/a><\/div>\n\t\t\t\t\t<\/figure>\n\t\t\t\t\t<figure class='gallery-item col-6'>\n\t\t\t\t\t\t<div class='gallery-icon '><a href='https:\/\/blog.zhdk.ch\/farblichtzentrum\/files\/2015\/03\/de-megazeichen-1-l.jpg'><img loading=\"lazy\" decoding=\"async\" width=\"150\" height=\"100\" src=\"https:\/\/blog.zhdk.ch\/farblichtzentrum\/files\/2015\/03\/de-megazeichen-1-l-150x100.jpg\" class=\"attachment-thumbnail size-thumbnail\" alt=\"\" \/><\/a><\/div>\n\t\t\t\t\t<\/figure>\n\t\t\t\t\t<figure class='gallery-item col-6'>\n\t\t\t\t\t\t<div class='gallery-icon '><a href='https:\/\/blog.zhdk.ch\/farblichtzentrum\/files\/2015\/03\/de-megazeichen-4-l.jpg'><img loading=\"lazy\" decoding=\"async\" width=\"150\" height=\"100\" src=\"https:\/\/blog.zhdk.ch\/farblichtzentrum\/files\/2015\/03\/de-megazeichen-4-l-150x100.jpg\" class=\"attachment-thumbnail size-thumbnail\" alt=\"\" \/><\/a><\/div>\n\t\t\t\t\t<\/figure>\n\t\t\t\t\t<figure class='gallery-item col-6'>\n\t\t\t\t\t\t<div class='gallery-icon '><a href='https:\/\/blog.zhdk.ch\/farblichtzentrum\/files\/2015\/03\/pic00000002074.jpg'><img loading=\"lazy\" decoding=\"async\" width=\"150\" height=\"100\" src=\"https:\/\/blog.zhdk.ch\/farblichtzentrum\/files\/2015\/03\/pic00000002074-150x100.jpg\" class=\"attachment-thumbnail size-thumbnail\" alt=\"\" \/><\/a><\/div>\n\t\t\t\t\t<\/figure>\n\t\t\t\t\t<figure class='gallery-item col-6'>\n\t\t\t\t\t\t<div class='gallery-icon '><a href='https:\/\/blog.zhdk.ch\/farblichtzentrum\/files\/2015\/03\/lichtkunst-un_12-05_08_146-2.jpg'><img loading=\"lazy\" decoding=\"async\" width=\"150\" height=\"100\" src=\"https:\/\/blog.zhdk.ch\/farblichtzentrum\/files\/2015\/03\/lichtkunst-un_12-05_08_146-2-150x100.jpg\" class=\"attachment-thumbnail size-thumbnail\" alt=\"\" \/><\/a><\/div>\n\t\t\t\t\t<\/figure>\n\t\t\t\t<\/div>\n\t\t\t<\/div><!-- .gallery -->\n\n<p><iframe loading=\"lazy\" title=\"Mischa Kuball\" width=\"940\" height=\"705\" src=\"https:\/\/www.youtube.com\/embed\/TE9ufHNmv44?feature=oembed\" frameborder=\"0\" allow=\"accelerometer; autoplay; clipboard-write; encrypted-media; gyroscope; picture-in-picture; web-share\" referrerpolicy=\"strict-origin-when-cross-origin\" allowfullscreen><\/iframe><\/p>\n<p><a href=\"http:\/\/www.mischakuball.com\" target=\"_blank\">www.mischakuball.com<\/a><\/p>\n<p><strong>Mischa Kuball<\/strong> (* 20. September 1959 in D\u00fcsseldorf) ist ein deutscher K\u00fcnstler und seit 2007 Professor f\u00fcr Medienkunst an der Kunsthochschule f\u00fcr Medien K\u00f6ln.<\/p>\n","protected":false},"excerpt":{"rendered":"<p>www.mischakuball.com Mischa Kuball (* 20. September 1959 in D\u00fcsseldorf) ist ein deutscher K\u00fcnstler und seit&#8230;<\/p>\n","protected":false},"author":16,"featured_media":562,"comment_status":"closed","ping_status":"closed","sticky":false,"template":"","format":"standard","meta":{"ngg_post_thumbnail":0,"footnotes":""},"categories":[221,292043],"tags":[294776,362,294080,294243],"class_list":["post-558","post","type-post","status-publish","format-standard","has-post-thumbnail","hentry","category-architektur","category-lichtkunst","tag-architektur","tag-kunst","tag-kunst-am-bau","tag-kunst-im-oeffentlichen-raum"],"_links":{"self":[{"href":"https:\/\/blog.zhdk.ch\/farblichtzentrum\/wp-json\/wp\/v2\/posts\/558","targetHints":{"allow":["GET"]}}],"collection":[{"href":"https:\/\/blog.zhdk.ch\/farblichtzentrum\/wp-json\/wp\/v2\/posts"}],"about":[{"href":"https:\/\/blog.zhdk.ch\/farblichtzentrum\/wp-json\/wp\/v2\/types\/post"}],"author":[{"embeddable":true,"href":"https:\/\/blog.zhdk.ch\/farblichtzentrum\/wp-json\/wp\/v2\/users\/16"}],"replies":[{"embeddable":true,"href":"https:\/\/blog.zhdk.ch\/farblichtzentrum\/wp-json\/wp\/v2\/comments?post=558"}],"version-history":[{"count":8,"href":"https:\/\/blog.zhdk.ch\/farblichtzentrum\/wp-json\/wp\/v2\/posts\/558\/revisions"}],"predecessor-version":[{"id":4485,"href":"https:\/\/blog.zhdk.ch\/farblichtzentrum\/wp-json\/wp\/v2\/posts\/558\/revisions\/4485"}],"wp:featuredmedia":[{"embeddable":true,"href":"https:\/\/blog.zhdk.ch\/farblichtzentrum\/wp-json\/wp\/v2\/media\/562"}],"wp:attachment":[{"href":"https:\/\/blog.zhdk.ch\/farblichtzentrum\/wp-json\/wp\/v2\/media?parent=558"}],"wp:term":[{"taxonomy":"category","embeddable":true,"href":"https:\/\/blog.zhdk.ch\/farblichtzentrum\/wp-json\/wp\/v2\/categories?post=558"},{"taxonomy":"post_tag","embeddable":true,"href":"https:\/\/blog.zhdk.ch\/farblichtzentrum\/wp-json\/wp\/v2\/tags?post=558"}],"curies":[{"name":"wp","href":"https:\/\/api.w.org\/{rel}","templated":true}]}}