{"id":3343,"date":"2018-04-03T11:22:44","date_gmt":"2018-04-03T10:22:44","guid":{"rendered":"https:\/\/blog.zhdk.ch\/iaejournal\/?p=3343"},"modified":"2018-04-03T11:22:44","modified_gmt":"2018-04-03T10:22:44","slug":"paul-mecheril","status":"publish","type":"post","link":"https:\/\/blog.zhdk.ch\/iaejournal\/2018\/04\/03\/paul-mecheril\/","title":{"rendered":"Paul Mecheril"},"content":{"rendered":"<p><strong>Paul Mecheril<\/strong> ist Universit\u00e4tsprofessor f\u00fcr Interkulturelle Bildung am Institut f\u00fcr P\u00e4dagogik der Fakult\u00e4t Bildungs- und Sozialwissenschaften an der Carl von Ossietzky Universit\u00e4t Oldenburg. Seine Schwerpunkte sind Migration und Bildung, Interkulturelle P\u00e4dagogik, P\u00e4dagogische Professionalit\u00e4t, Rassismusforschung.<\/p>\n<hr>\n<p><a href=\"https:\/\/blog.zhdk.ch\/iaejournal\/2012\/12\/08\/n6_aesthetische-bildung-und-kunstpaedagogik-migrationspaedagogische-anmerkungen\/\"><strong>\u2192 N\u00b06: \u00c4sthetische Bildung und Kunstp\u00e4dagogik. Migrationsp\u00e4dagogische Anmerkung<\/strong><\/a><\/p>\n<p>&nbsp;<\/p>\n","protected":false},"excerpt":{"rendered":"<p>Paul Mecheril ist Universit\u00e4tsprofessor f\u00fcr Interkulturelle Bildung am Institut f\u00fcr P\u00e4dagogik der Fakult\u00e4t Bildungs- und Sozialwissenschaften an der Carl von Ossietzky Universit\u00e4t Oldenburg. Seine Schwerpunkte sind Migration und Bildung, Interkulturelle P\u00e4dagogik, P\u00e4dagogische Professionalit\u00e4t, Rassismusforschung. \u2192 N\u00b06: \u00c4sthetische Bildung und Kunstp\u00e4dagogik. Migrationsp\u00e4dagogische Anmerkung &nbsp;<\/p>\n","protected":false},"author":3221,"featured_media":0,"comment_status":"open","ping_status":"open","sticky":false,"template":"","format":"standard","meta":{"ngg_post_thumbnail":0,"footnotes":""},"categories":[531601,530870],"tags":[],"class_list":["post-3343","post","type-post","status-publish","format-standard","hentry","category-aer6_kurzbiografien-der-autor_innen","category-kurzbiografien-der-autor_innen"],"_links":{"self":[{"href":"https:\/\/blog.zhdk.ch\/iaejournal\/wp-json\/wp\/v2\/posts\/3343","targetHints":{"allow":["GET"]}}],"collection":[{"href":"https:\/\/blog.zhdk.ch\/iaejournal\/wp-json\/wp\/v2\/posts"}],"about":[{"href":"https:\/\/blog.zhdk.ch\/iaejournal\/wp-json\/wp\/v2\/types\/post"}],"author":[{"embeddable":true,"href":"https:\/\/blog.zhdk.ch\/iaejournal\/wp-json\/wp\/v2\/users\/3221"}],"replies":[{"embeddable":true,"href":"https:\/\/blog.zhdk.ch\/iaejournal\/wp-json\/wp\/v2\/comments?post=3343"}],"version-history":[{"count":1,"href":"https:\/\/blog.zhdk.ch\/iaejournal\/wp-json\/wp\/v2\/posts\/3343\/revisions"}],"predecessor-version":[{"id":3345,"href":"https:\/\/blog.zhdk.ch\/iaejournal\/wp-json\/wp\/v2\/posts\/3343\/revisions\/3345"}],"wp:attachment":[{"href":"https:\/\/blog.zhdk.ch\/iaejournal\/wp-json\/wp\/v2\/media?parent=3343"}],"wp:term":[{"taxonomy":"category","embeddable":true,"href":"https:\/\/blog.zhdk.ch\/iaejournal\/wp-json\/wp\/v2\/categories?post=3343"},{"taxonomy":"post_tag","embeddable":true,"href":"https:\/\/blog.zhdk.ch\/iaejournal\/wp-json\/wp\/v2\/tags?post=3343"}],"curies":[{"name":"wp","href":"https:\/\/api.w.org\/{rel}","templated":true}]}}