{"id":3563,"date":"2018-04-05T13:28:02","date_gmt":"2018-04-05T12:28:02","guid":{"rendered":"https:\/\/blog.zhdk.ch\/iaejournal\/?p=3563"},"modified":"2018-04-05T13:28:02","modified_gmt":"2018-04-05T12:28:02","slug":"ulf-wuggenig","status":"publish","type":"post","link":"https:\/\/blog.zhdk.ch\/iaejournal\/2018\/04\/05\/ulf-wuggenig\/","title":{"rendered":"Ulf Wuggenig"},"content":{"rendered":"<p><strong>Ulf Wuggenig<\/strong>, Soziologe und Kulturwissenschaftler, Leiter des <em>Kunstraums<\/em> der <em>Leuphana Universit\u00e4t L\u00fcneburg<\/em>, Professor am <em>Institut f\u00fcr Philosophie und Kunstwissenschaft<\/em> und Dekan der Fakult\u00e4t Kulturwissenschaften. Mitglied des Vorstands der <em>Kulturwissenschaftlichen Gesellschaft<\/em>.<\/p>\n<hr>\n<p><a href=\"https:\/\/blog.zhdk.ch\/iaejournal\/2015\/06\/15\/n10_schoenheit-im-aesthetischen-kapitalismus\/\"><strong>\u2192 N\u00b010:&nbsp;Sch\u00f6nheit im \u00e4sthetischen Kapitalismus<\/strong><\/a><\/p>\n","protected":false},"excerpt":{"rendered":"<p>Ulf Wuggenig, Soziologe und Kulturwissenschaftler, Leiter des Kunstraums der Leuphana Universit\u00e4t L\u00fcneburg, Professor am Institut f\u00fcr Philosophie und Kunstwissenschaft und Dekan der Fakult\u00e4t Kulturwissenschaften. Mitglied des Vorstands der Kulturwissenschaftlichen Gesellschaft. \u2192 N\u00b010:&nbsp;Sch\u00f6nheit im \u00e4sthetischen Kapitalismus<\/p>\n","protected":false},"author":3221,"featured_media":0,"comment_status":"open","ping_status":"open","sticky":false,"template":"","format":"standard","meta":{"ngg_post_thumbnail":0,"footnotes":""},"categories":[531609,530870],"tags":[],"class_list":["post-3563","post","type-post","status-publish","format-standard","hentry","category-aer10-kurzbiografien-der-autor_innen","category-kurzbiografien-der-autor_innen"],"_links":{"self":[{"href":"https:\/\/blog.zhdk.ch\/iaejournal\/wp-json\/wp\/v2\/posts\/3563","targetHints":{"allow":["GET"]}}],"collection":[{"href":"https:\/\/blog.zhdk.ch\/iaejournal\/wp-json\/wp\/v2\/posts"}],"about":[{"href":"https:\/\/blog.zhdk.ch\/iaejournal\/wp-json\/wp\/v2\/types\/post"}],"author":[{"embeddable":true,"href":"https:\/\/blog.zhdk.ch\/iaejournal\/wp-json\/wp\/v2\/users\/3221"}],"replies":[{"embeddable":true,"href":"https:\/\/blog.zhdk.ch\/iaejournal\/wp-json\/wp\/v2\/comments?post=3563"}],"version-history":[{"count":1,"href":"https:\/\/blog.zhdk.ch\/iaejournal\/wp-json\/wp\/v2\/posts\/3563\/revisions"}],"predecessor-version":[{"id":3565,"href":"https:\/\/blog.zhdk.ch\/iaejournal\/wp-json\/wp\/v2\/posts\/3563\/revisions\/3565"}],"wp:attachment":[{"href":"https:\/\/blog.zhdk.ch\/iaejournal\/wp-json\/wp\/v2\/media?parent=3563"}],"wp:term":[{"taxonomy":"category","embeddable":true,"href":"https:\/\/blog.zhdk.ch\/iaejournal\/wp-json\/wp\/v2\/categories?post=3563"},{"taxonomy":"post_tag","embeddable":true,"href":"https:\/\/blog.zhdk.ch\/iaejournal\/wp-json\/wp\/v2\/tags?post=3563"}],"curies":[{"name":"wp","href":"https:\/\/api.w.org\/{rel}","templated":true}]}}