{"id":3579,"date":"2018-04-05T13:37:54","date_gmt":"2018-04-05T12:37:54","guid":{"rendered":"https:\/\/blog.zhdk.ch\/iaejournal\/?p=3579"},"modified":"2018-04-05T13:37:54","modified_gmt":"2018-04-05T12:37:54","slug":"sabian-baumann","status":"publish","type":"post","link":"https:\/\/blog.zhdk.ch\/iaejournal\/2018\/04\/05\/sabian-baumann\/","title":{"rendered":"Sabian Baumann"},"content":{"rendered":"<p><strong>Sabian Baumann<\/strong>, K\u00fcnstler_in, Initiant_in, und Mitorganisator_in verschiedener Kunst- und Filmprojekte. Mitglied in diversen Gremien und Jurys, erhielt zahlreiche Kunststipendien, u.a. <em>Erna und Curt Burgauer F\u00f6rderpreis 2012<\/em>, seit 2001 Dozent_in an div. Schulen, u.a. <em>F+F Schule f\u00fcr Kunst und Mediendesign<\/em>, Z\u00fcrich, <em>ZHdK<\/em> in div. Fachbereichen, <em>\u00c9cole Sup\u00e9rieure d\u2019Art Visuel<\/em>, Fachbereich Malerei, in Genf.<\/p>\n<hr>\n<p><a href=\"https:\/\/blog.zhdk.ch\/iaejournal\/2015\/06\/15\/n19_wenn-du-einen-apfel-isst-so-isst-du-die-landschaft\/\"><strong>\u2192 N\u00b010:&nbsp;\u00abWenn du einen Apfel isst, so isst du die Landschaft.\u00bb<\/strong><\/a><\/p>\n","protected":false},"excerpt":{"rendered":"<p>Sabian Baumann, K\u00fcnstler_in, Initiant_in, und Mitorganisator_in verschiedener Kunst- und Filmprojekte. Mitglied in diversen Gremien und Jurys, erhielt zahlreiche Kunststipendien, u.a. Erna und Curt Burgauer F\u00f6rderpreis 2012, seit 2001 Dozent_in an div. Schulen, u.a. F+F Schule f\u00fcr Kunst und Mediendesign, Z\u00fcrich, ZHdK in div. Fachbereichen, \u00c9cole Sup\u00e9rieure d\u2019Art Visuel, Fachbereich Malerei, in Genf. \u2192 N\u00b010:&nbsp;\u00abWenn du [&hellip;]<\/p>\n","protected":false},"author":3221,"featured_media":0,"comment_status":"open","ping_status":"open","sticky":false,"template":"","format":"standard","meta":{"ngg_post_thumbnail":0,"footnotes":""},"categories":[531609,530870],"tags":[],"class_list":["post-3579","post","type-post","status-publish","format-standard","hentry","category-aer10-kurzbiografien-der-autor_innen","category-kurzbiografien-der-autor_innen"],"_links":{"self":[{"href":"https:\/\/blog.zhdk.ch\/iaejournal\/wp-json\/wp\/v2\/posts\/3579","targetHints":{"allow":["GET"]}}],"collection":[{"href":"https:\/\/blog.zhdk.ch\/iaejournal\/wp-json\/wp\/v2\/posts"}],"about":[{"href":"https:\/\/blog.zhdk.ch\/iaejournal\/wp-json\/wp\/v2\/types\/post"}],"author":[{"embeddable":true,"href":"https:\/\/blog.zhdk.ch\/iaejournal\/wp-json\/wp\/v2\/users\/3221"}],"replies":[{"embeddable":true,"href":"https:\/\/blog.zhdk.ch\/iaejournal\/wp-json\/wp\/v2\/comments?post=3579"}],"version-history":[{"count":1,"href":"https:\/\/blog.zhdk.ch\/iaejournal\/wp-json\/wp\/v2\/posts\/3579\/revisions"}],"predecessor-version":[{"id":3581,"href":"https:\/\/blog.zhdk.ch\/iaejournal\/wp-json\/wp\/v2\/posts\/3579\/revisions\/3581"}],"wp:attachment":[{"href":"https:\/\/blog.zhdk.ch\/iaejournal\/wp-json\/wp\/v2\/media?parent=3579"}],"wp:term":[{"taxonomy":"category","embeddable":true,"href":"https:\/\/blog.zhdk.ch\/iaejournal\/wp-json\/wp\/v2\/categories?post=3579"},{"taxonomy":"post_tag","embeddable":true,"href":"https:\/\/blog.zhdk.ch\/iaejournal\/wp-json\/wp\/v2\/tags?post=3579"}],"curies":[{"name":"wp","href":"https:\/\/api.w.org\/{rel}","templated":true}]}}