{"id":4112,"date":"2020-10-22T09:22:44","date_gmt":"2020-10-22T07:22:44","guid":{"rendered":"https:\/\/blog.zhdk.ch\/mizaktuell\/?p=4112"},"modified":"2020-10-30T12:04:41","modified_gmt":"2020-10-30T11:04:41","slug":"open-access-woche-und-wissen-fuer-alle","status":"publish","type":"post","link":"https:\/\/blog.zhdk.ch\/mizaktuell\/archive\/4112","title":{"rendered":"Open Access Woche und Wissen f\u00fcr alle"},"content":{"rendered":"\n<p><strong>Open Access Woche unter dem Motto &#8222;Open with Purpose: Taking Action to Build Structural Equity and Inclusion&#8220;<\/strong><\/p>\n\n\n\n<p>Vom 19. bis zum 25. Oktober findet wie jedes Jahr die internationale Open Access Week statt. Unter dem Motto <a rel=\"noreferrer noopener\" href=\"http:\/\/www.openaccessweek.org\/\" target=\"_blank\">&#8222;Open with Purpose: Taking Action to Build Structural Equity and Inclusion&#8220;<\/a> werden weltweit zahlreiche Veranstaltungen, Vortr\u00e4ge und Symposien abgehalten.<\/p>\n\n\n\n<p>Open Access soll nicht nur den freien Zugang zu Publikationen f\u00f6rdern, sondern dies auch unter dem Gesichtspunkt der Gerechtigkeit und unter dem Einbezug aller tun.<\/p>\n\n\n\n<p>Open Access wird auch heute noch zu wenig umgesetzt und viele Publikationen sind noch immer nicht kostenlos f\u00fcr alle zug\u00e4nglich. H\u00e4ufig sind die heutigen Gesch\u00e4ftsmodelle, Initiativen und Infrastrukturen zu Open Access nur f\u00fcr Wenige nutz- und erreichbar. Das wird auch in der Verteilung der Gelder sichtbar, denn Open Access Publizieren ist vor allem den westlichen L\u00e4ndern vorbehalten. Diese strukturellen Benachteiligungen beim Publizieren m\u00fcssen aufgehoben werden.<\/p>\n\n\n\n<p><strong>Wissen f\u00fcr alle wird gefordert<\/strong><\/p>\n\n\n\n<p>Im Rahmen der Open Access Woche haben der Schweizerische Nationalfonds SNF und swissuniversities die gemeinsame Aktion &#8222;Wissen f\u00fcr alle&#8220; gestartet. Forschende und Leitungspersonen aus Schweizer Hochschulen und unterschiedlichen Disziplinen setzen sich darin f\u00fcr mehr Open Access ein.<\/p>\n\n\n\n<p>Ihre Erfahrungen und Forderungen \u00e4ussern sie in acht Kurzvideos und verlangen \u00abWissen f\u00fcr alle\u00bb. <\/p>\n\n\n\n<p>Videos in <a rel=\"noreferrer noopener\" href=\"http:\/\/bit.ly\/OpenAccess-Playlist-de\" target=\"_blank\">Deutsch<\/a><br>Videos in <a rel=\"noreferrer noopener\" href=\"http:\/\/bit.ly\/OpenAccess-Playlist-fr\" target=\"_blank\">Franz\u00f6sisch<\/a><br>Videos in <a rel=\"noreferrer noopener\" href=\"http:\/\/bit.ly\/OpenAccess-Playlist-en\" target=\"_blank\">Englisch<\/a><\/p>\n\n\n\n<p>Ein Beispiel mit besonderer Relevanz f\u00fcr die ZHdK: Open Access im Zusammenhang mit Kunstgeschichte und Bildern.<\/p>\n\n\n\n<figure class=\"wp-block-embed-youtube wp-block-embed is-type-video is-provider-youtube wp-embed-aspect-16-9 wp-has-aspect-ratio\"><div class=\"wp-block-embed__wrapper\">\n<iframe loading=\"lazy\" title=\"Open Access \u2013 Wissen f\u00fcr alle: Beate Fricke\" width=\"1140\" height=\"641\" src=\"https:\/\/www.youtube.com\/embed\/Hr_1B16OPZo?feature=oembed\" frameborder=\"0\" allow=\"accelerometer; autoplay; clipboard-write; encrypted-media; gyroscope; picture-in-picture\" allowfullscreen><\/iframe>\n<\/div><\/figure>\n\n\n\n<p><\/p>\n\n\n\n<p><strong>Informationen zur Aktion<\/strong><br>Schweizerischer Nationalfonds SNF: <a rel=\"noreferrer noopener\" href=\"http:\/\/www.snf.ch\/de\/fokusForschung\/newsroom\/Seiten\/news-201019-achtmal-ja-zu-wissen-fuer-alle.aspx\" target=\"_blank\">Acht Mal Ja zu Wissen<\/a><br>swissuniversities: <a rel=\"noreferrer noopener\" href=\"https:\/\/www.swissuniversities.ch\/themen\/digitalisierung\/open-access\/achtmal-ja-zu-wissen-fuer-alle\" target=\"_blank\">Acht Mal Ja zu Wissen<\/a><\/p>\n\n\n\n<p>#OpenAccess #OpenaccessWeek #wissenf\u00fcralle<\/p>\n","protected":false},"excerpt":{"rendered":"<p>Open Access Woche unter dem Motto &#8222;Open with Purpose: Taking Action to Build Structural Equity and Inclusion&#8220; Vom 19. bis zum 25. Oktober findet wie jedes Jahr die internationale Open Access Week statt. Unter dem Motto &#8222;Open with Purpose: Taking Action to Build Structural Equity and Inclusion&#8220; werden weltweit zahlreiche Veranstaltungen, Vortr\u00e4ge und Symposien abgehalten. [&hellip;]<\/p>\n","protected":false},"author":3553,"featured_media":4120,"comment_status":"open","ping_status":"open","sticky":false,"template":"","format":"standard","meta":{"footnotes":""},"categories":[166,485943],"tags":[486162,486164,483447,486166],"class_list":{"0":"post-4112","1":"post","2":"type-post","3":"status-publish","4":"format-standard","5":"has-post-thumbnail","7":"category-miz","8":"category-open-access","9":"tag-gerechtigkeit","10":"tag-inklusion","11":"tag-open-access","12":"tag-wissen","13":"czr-hentry"},"_links":{"self":[{"href":"https:\/\/blog.zhdk.ch\/mizaktuell\/wp-json\/wp\/v2\/posts\/4112","targetHints":{"allow":["GET"]}}],"collection":[{"href":"https:\/\/blog.zhdk.ch\/mizaktuell\/wp-json\/wp\/v2\/posts"}],"about":[{"href":"https:\/\/blog.zhdk.ch\/mizaktuell\/wp-json\/wp\/v2\/types\/post"}],"author":[{"embeddable":true,"href":"https:\/\/blog.zhdk.ch\/mizaktuell\/wp-json\/wp\/v2\/users\/3553"}],"replies":[{"embeddable":true,"href":"https:\/\/blog.zhdk.ch\/mizaktuell\/wp-json\/wp\/v2\/comments?post=4112"}],"version-history":[{"count":18,"href":"https:\/\/blog.zhdk.ch\/mizaktuell\/wp-json\/wp\/v2\/posts\/4112\/revisions"}],"predecessor-version":[{"id":4160,"href":"https:\/\/blog.zhdk.ch\/mizaktuell\/wp-json\/wp\/v2\/posts\/4112\/revisions\/4160"}],"wp:featuredmedia":[{"embeddable":true,"href":"https:\/\/blog.zhdk.ch\/mizaktuell\/wp-json\/wp\/v2\/media\/4120"}],"wp:attachment":[{"href":"https:\/\/blog.zhdk.ch\/mizaktuell\/wp-json\/wp\/v2\/media?parent=4112"}],"wp:term":[{"taxonomy":"category","embeddable":true,"href":"https:\/\/blog.zhdk.ch\/mizaktuell\/wp-json\/wp\/v2\/categories?post=4112"},{"taxonomy":"post_tag","embeddable":true,"href":"https:\/\/blog.zhdk.ch\/mizaktuell\/wp-json\/wp\/v2\/tags?post=4112"}],"curies":[{"name":"wp","href":"https:\/\/api.w.org\/{rel}","templated":true}]}}