{"id":8771,"date":"2026-08-31T08:59:15","date_gmt":"2026-08-31T06:59:15","guid":{"rendered":"https:\/\/blog.zhdk.ch\/mizaktuell\/?p=8771"},"modified":"2026-08-31T09:03:55","modified_gmt":"2026-08-31T07:03:55","slug":"plastik-bekannt-verdammt-verkannt","status":"publish","type":"post","link":"https:\/\/blog.zhdk.ch\/mizaktuell\/archive\/8771","title":{"rendered":"Plastik &#8211; bekannt, verdammt, verkannt"},"content":{"rendered":"\n<h4 class=\"wp-block-heading\">Sonderpr\u00e4sentation Material-Archiv <br>ab 3. September 2026<\/h4>\n\n\n\n<p class=\"wp-block-paragraph\">Plastik ist heute in aller Munde, in vielen K\u00f6rpern, in jedem Gesch\u00e4ft und auf den meisten Wunschlisten: ohne Plastik g\u00e4be es viel weniger Dinge, Sportartikel oder medizinische Innovationen. Dennoch ist es zum meistverachteten Material geworden, nicht zuletzt aufgrund seiner umwelttoxischen Wirkungen und weil es schuldig scheint an M\u00fcll in gigantischen Ausmassen. Doch was ist eigentlich das Wesen dieser riesigen Materialgruppe?<\/p>\n\n\n\n<figure class=\"wp-block-image size-full\"><img loading=\"lazy\" decoding=\"async\" width=\"1000\" height=\"750\" src=\"https:\/\/blog.zhdk.ch\/mizaktuell\/files\/2026\/08\/2026-08-28-181623-plastik-1.jpg\" alt=\"\" class=\"wp-image-8775\" srcset=\"https:\/\/blog.zhdk.ch\/mizaktuell\/files\/2026\/08\/2026-08-28-181623-plastik-1.jpg 1000w, https:\/\/blog.zhdk.ch\/mizaktuell\/files\/2026\/08\/2026-08-28-181623-plastik-1-300x225.jpg 300w, https:\/\/blog.zhdk.ch\/mizaktuell\/files\/2026\/08\/2026-08-28-181623-plastik-1-768x576.jpg 768w\" sizes=\"auto, (max-width: 1000px) 100vw, 1000px\" \/><\/figure>\n\n\n\n<p class=\"wp-block-paragraph\">Welche Dinge sind typisch aus welchen Arten von Plastik? Meist wissen wir die Werkstoffe an Produkten nicht zu unterscheiden, doch f\u00fcr die Gestaltung von Gegenst\u00e4nden ist eben dies heute elementar.<\/p>\n\n\n\n<figure class=\"wp-block-image size-full\"><img loading=\"lazy\" decoding=\"async\" width=\"810\" height=\"1000\" src=\"https:\/\/blog.zhdk.ch\/mizaktuell\/files\/2026\/08\/2026-08-28-181720-plastik-2.jpg\" alt=\"\" class=\"wp-image-8773\" srcset=\"https:\/\/blog.zhdk.ch\/mizaktuell\/files\/2026\/08\/2026-08-28-181720-plastik-2.jpg 810w, https:\/\/blog.zhdk.ch\/mizaktuell\/files\/2026\/08\/2026-08-28-181720-plastik-2-243x300.jpg 243w, https:\/\/blog.zhdk.ch\/mizaktuell\/files\/2026\/08\/2026-08-28-181720-plastik-2-768x948.jpg 768w\" sizes=\"auto, (max-width: 810px) 100vw, 810px\" \/><\/figure>\n\n\n\n<p class=\"wp-block-paragraph\">Die in der Sonderpr\u00e4sentation des Material-Archivs der ZHdK erz\u00e4hlten Material-Storys machen die kulturelle Verwobenheit von Plastik in unserem Alltag deutlich. Sie zeigen, welche Schl\u00fcsselstellungen den Kunststoffen zukommt, weil durch sie Dinge erfunden wurden, die es vor ihnen auf unserer Welt noch gar nicht gab. Das gilt f\u00fcr die fr\u00fchen Plastikarten ebenso wie f\u00fcr aktuelle Entwicklungen im Bereich der sogenannten Bio-Kunststoffe.<\/p>\n\n\n\n<p class=\"wp-block-paragraph\"><em>Konzeption und Umsetzung: Franziska M\u00fcller-Reissmann, Tamara M\u00fcller<br><\/em><\/p>\n\n\n\n<div class=\"wp-block-buttons is-content-justification-center is-layout-flex wp-container-core-buttons-is-layout-fe48e5de wp-block-buttons-is-layout-flex\">\n<div class=\"wp-block-button\"><a class=\"wp-block-button__link wp-element-button\" href=\"https:\/\/materialarchiv.ch\/de\/ma:event_4ff61c8b-1b0b-4ac3-b5a4-9b0addf9b9ad?type=all\" target=\"_blank\" rel=\"noreferrer noopener\">Verkn\u00fcpfte Inhalte bei Material-Archiv<\/a><\/div>\n<\/div>\n\n\n\n<h3 class=\"wp-block-heading\"><strong>Wo?<\/strong><\/h3>\n\n\n\n<p class=\"wp-block-paragraph\">Material-Archiv ZHdK, Toni-Areal, Medien- und Informationszentrum MIZ, Galeriegeschoss<\/p>\n\n\n\n<h3 class=\"wp-block-heading\"><strong>Wann?<\/strong><\/h3>\n\n\n\n<p class=\"wp-block-paragraph\">3. September bis 15. Dezember 2026<br>Montag bis Freitag 9-19 Uhr, Samstag 10-16 Uhr<br><\/p>\n","protected":false},"excerpt":{"rendered":"<p>Sonderpr\u00e4sentation Material-Archiv ab 3. September 2026 Plastik ist heute in aller Munde, in vielen K\u00f6rpern, in jedem Gesch\u00e4ft und auf den meisten Wunschlisten: ohne Plastik g\u00e4be es viel weniger Dinge, Sportartikel oder medizinische Innovationen. Dennoch ist es zum meistverachteten Material geworden, nicht zuletzt aufgrund seiner umwelttoxischen Wirkungen und weil es schuldig scheint an M\u00fcll in [&hellip;]<\/p>\n","protected":false},"author":3550,"featured_media":8775,"comment_status":"closed","ping_status":"closed","sticky":false,"template":"","format":"standard","meta":{"footnotes":""},"categories":[485867,485906,166,558],"tags":[486256,486343,486389],"class_list":["post-8771","post","type-post","status-publish","format-standard","has-post-thumbnail","category-ausstellung","category-materialarchiv","category-miz","category-veranstaltung","tag-design","tag-material","tag-plastik","czr-hentry"],"_links":{"self":[{"href":"https:\/\/blog.zhdk.ch\/mizaktuell\/wp-json\/wp\/v2\/posts\/8771","targetHints":{"allow":["GET"]}}],"collection":[{"href":"https:\/\/blog.zhdk.ch\/mizaktuell\/wp-json\/wp\/v2\/posts"}],"about":[{"href":"https:\/\/blog.zhdk.ch\/mizaktuell\/wp-json\/wp\/v2\/types\/post"}],"author":[{"embeddable":true,"href":"https:\/\/blog.zhdk.ch\/mizaktuell\/wp-json\/wp\/v2\/users\/3550"}],"replies":[{"embeddable":true,"href":"https:\/\/blog.zhdk.ch\/mizaktuell\/wp-json\/wp\/v2\/comments?post=8771"}],"version-history":[{"count":3,"href":"https:\/\/blog.zhdk.ch\/mizaktuell\/wp-json\/wp\/v2\/posts\/8771\/revisions"}],"predecessor-version":[{"id":8785,"href":"https:\/\/blog.zhdk.ch\/mizaktuell\/wp-json\/wp\/v2\/posts\/8771\/revisions\/8785"}],"wp:featuredmedia":[{"embeddable":true,"href":"https:\/\/blog.zhdk.ch\/mizaktuell\/wp-json\/wp\/v2\/media\/8775"}],"wp:attachment":[{"href":"https:\/\/blog.zhdk.ch\/mizaktuell\/wp-json\/wp\/v2\/media?parent=8771"}],"wp:term":[{"taxonomy":"category","embeddable":true,"href":"https:\/\/blog.zhdk.ch\/mizaktuell\/wp-json\/wp\/v2\/categories?post=8771"},{"taxonomy":"post_tag","embeddable":true,"href":"https:\/\/blog.zhdk.ch\/mizaktuell\/wp-json\/wp\/v2\/tags?post=8771"}],"curies":[{"name":"wp","href":"https:\/\/api.w.org\/{rel}","templated":true}]}}