{"id":109,"date":"2013-07-16T09:20:44","date_gmt":"2013-07-16T07:20:44","guid":{"rendered":"https:\/\/blog.zhdk.ch\/oeffentlich\/?p=109"},"modified":"2013-07-16T09:20:44","modified_gmt":"2013-07-16T07:20:44","slug":"im-kratz","status":"publish","type":"post","link":"https:\/\/blog.zhdk.ch\/oeffentlich\/2013\/07\/16\/im-kratz\/","title":{"rendered":"Im Kratz"},"content":{"rendered":"<p>Departement: BA Medien &amp; Kunst<br \/>\nVertiefung: Mediale K\u00fcnste<br \/>\nTyp: Semesterprojekt<\/p>\n<p>Im Kratz \/ Dionys Dammann, 2011<\/p>\n<p>Performance<\/p>\n<p>Am Paradeplatz werden die Teilnehmer zur Abdankung von Dorothea Wolf-Meister (eine der Letzten Bewohnerinnen des Kratzquartiers) begr\u00fcsst. Das Kratzquartier lag zwischen Bahnhofstrasse, Fraum\u00fcnster, Limmat und B\u00f6rsenstrasse. Es wurde zugunsten der Stadtentwicklung bis 1889 vollst\u00e4ndig abgetragen. Die Gedenkfeier ist als Spaziergang durch das Quartier angelegt. Erst nach einiger Zeit wird klar, dass man sich im Z\u00fcrich von 1876 bewegt. Die Geschichte von Dorothea und die Beschreibung des in Vergessenheit geratenen Kratzquartiers stehen im st\u00e4ndigen Widerspruch zu den prunkvollen Bauten des heutigen Stadthausviertels.<\/p>\n<p>Eine Installation im Treppenhaus der &#8222;Vertiefung Mediale K\u00fcnste&#8220; vermittelt zus\u00e4tzlich einen Eindruck des Kratzquartiers und der damaligen Zeit. Dabei dient das Tagblatt vom 9. Juni 1876 &#8211; Dorotheas Todesdatum als Hintergrund. Auf welchem Kopien aus dem Baugeschichtlichen Archiv Z\u00fcrich angebracht sind, welche den Zustand des Quartiers vor seiner umfassenden Neugestaltung zeigen.<\/p>\n<p>Tags: Performance, Stadt, Stadtentwicklung, Z\u00fcrich<\/p>\n","protected":false},"excerpt":{"rendered":"<p>Departement: BA Medien &amp; Kunst Vertiefung: Mediale K\u00fcnste Typ: Semesterprojekt Im Kratz \/ Dionys Dammann, 2011 Performance Am Paradeplatz werden die Teilnehmer zur Abdankung von Dorothea Wolf-Meister (eine der Letzten Bewohnerinnen des Kratzquartiers) begr\u00fcsst. Das Kratzquartier lag zwischen Bahnhofstrasse, Fraum\u00fcnster, Limmat und B\u00f6rsenstrasse. Es wurde zugunsten der Stadtentwicklung bis 1889 vollst\u00e4ndig abgetragen. Die Gedenkfeier ist <a href=\"https:\/\/blog.zhdk.ch\/oeffentlich\/2013\/07\/16\/im-kratz\/\"> read more <span class=\"meta-nav\">&raquo;<\/span><\/a><\/p>\n","protected":false},"author":497,"featured_media":0,"comment_status":"open","ping_status":"open","sticky":false,"template":"","format":"standard","meta":{"footnotes":""},"categories":[79196],"tags":[78765,78865,78767,72,78863,78773,78631,724,32],"class_list":["post-109","post","type-post","status-publish","format-standard","hentry","category-student-projekte","tag-ba-medien-und-kunst","tag-dorothea-wolf-meister","tag-mediale-kunste","tag-performance","tag-quartier","tag-semesterprojekt","tag-stadt","tag-stadtentwicklung","tag-zurich","author-nuria"],"_links":{"self":[{"href":"https:\/\/blog.zhdk.ch\/oeffentlich\/wp-json\/wp\/v2\/posts\/109","targetHints":{"allow":["GET"]}}],"collection":[{"href":"https:\/\/blog.zhdk.ch\/oeffentlich\/wp-json\/wp\/v2\/posts"}],"about":[{"href":"https:\/\/blog.zhdk.ch\/oeffentlich\/wp-json\/wp\/v2\/types\/post"}],"author":[{"embeddable":true,"href":"https:\/\/blog.zhdk.ch\/oeffentlich\/wp-json\/wp\/v2\/users\/497"}],"replies":[{"embeddable":true,"href":"https:\/\/blog.zhdk.ch\/oeffentlich\/wp-json\/wp\/v2\/comments?post=109"}],"version-history":[{"count":4,"href":"https:\/\/blog.zhdk.ch\/oeffentlich\/wp-json\/wp\/v2\/posts\/109\/revisions"}],"predecessor-version":[{"id":251,"href":"https:\/\/blog.zhdk.ch\/oeffentlich\/wp-json\/wp\/v2\/posts\/109\/revisions\/251"}],"wp:attachment":[{"href":"https:\/\/blog.zhdk.ch\/oeffentlich\/wp-json\/wp\/v2\/media?parent=109"}],"wp:term":[{"taxonomy":"category","embeddable":true,"href":"https:\/\/blog.zhdk.ch\/oeffentlich\/wp-json\/wp\/v2\/categories?post=109"},{"taxonomy":"post_tag","embeddable":true,"href":"https:\/\/blog.zhdk.ch\/oeffentlich\/wp-json\/wp\/v2\/tags?post=109"}],"curies":[{"name":"wp","href":"https:\/\/api.w.org\/{rel}","templated":true}]}}