{"id":393,"date":"2013-07-16T12:39:47","date_gmt":"2013-07-16T10:39:47","guid":{"rendered":"https:\/\/blog.zhdk.ch\/oeffentlich\/?p=393"},"modified":"2013-07-29T16:50:18","modified_gmt":"2013-07-29T14:50:18","slug":"spatial-design-gesprache-uber-architekturen-ausstellungen-buhnenbilder-und-urbane-interventionen","status":"publish","type":"post","link":"https:\/\/blog.zhdk.ch\/oeffentlich\/2013\/07\/16\/spatial-design-gesprache-uber-architekturen-ausstellungen-buhnenbilder-und-urbane-interventionen\/","title":{"rendered":"SPATIAL DESIGN. Gespr\u00e4che \u00fcber Architekturen, Ausstellungen, B\u00fchnenbilder und Urbane Interventionen"},"content":{"rendered":"<p>MAS Spatial Design<br \/>\nInstitut f\u00fcr Designforschung<br \/>\n<a href=\"http:\/\/www.zhdk.ch\/index.php?id=37447\" target=\"_blank\">Link zur Seite auf der ZHdK-web<\/a><br \/>\nTyp: Buch<br \/>\nStephan Tr\u00fcby (Hrsg.):<\/p>\n<p><img loading=\"lazy\" decoding=\"async\" src=\"http:\/\/www.zhdk.ch\/uploads\/pics\/Cover-Buch-SD.jpg\" width=\"480\" height=\"296\" class=\"alignnone\" \/><\/p>\n<p>SPATIAL DESIGN<br \/>\nGespr\u00e4che \u00fcber Architekturen, Ausstellungen,<br \/>\nB\u00fchnenbilder und Urbane Interventionen<\/p>\n<p>Ein Reader des MAS Spatial Design<\/p>\n<p>Der Band versammelt elf Gespr\u00e4che mit siebzehn Dialogpartnern, die seit dem Herbstsemester 2009 G\u00e4ste des postgradualen Studiengangs MAS Spatial Design der Z\u00fcrcher Hochschule der K\u00fcnste waren: Carson Chan, Peter Greenaway, Andrea Hofmann (Raumlabor), Barbara Holzer (Holzer Kobler), Rafael Horzon, Thomas Huber, Francis K\u00e9r\u00e9, Tristan Kobler (Holzer Kobler), Rem Koolhaas, Wilfried Kuehn (Kuehn Malvezzi), Georg Lendorff, Andres Lepik, Wolfgang Lorch (Wandel Hoefer Lorch), Mathias Rust, Christoph Schlingensief, Bernard Tschumi und Philip Ursprung. Die Gespr\u00e4che zeigen, wie die Gestaltung und Bespielung des \u00f6ffentlichen Raums, die Museumsszenografie und die B\u00fchnenarchitektur gleicherma\u00dfen von Kulturtechniken der Inszenierung durchzogen sind.<\/p>\n","protected":false},"excerpt":{"rendered":"<p>MAS Spatial Design Institut f\u00fcr Designforschung Link zur Seite auf der ZHdK-web Typ: Buch Stephan Tr\u00fcby (Hrsg.): SPATIAL DESIGN Gespr\u00e4che \u00fcber Architekturen, Ausstellungen, B\u00fchnenbilder und Urbane Interventionen Ein Reader des MAS Spatial Design Der Band versammelt elf Gespr\u00e4che mit siebzehn Dialogpartnern, die seit dem Herbstsemester 2009 G\u00e4ste des postgradualen Studiengangs MAS Spatial Design der Z\u00fcrcher <a href=\"https:\/\/blog.zhdk.ch\/oeffentlich\/2013\/07\/16\/spatial-design-gesprache-uber-architekturen-ausstellungen-buhnenbilder-und-urbane-interventionen\/\"> read more <span class=\"meta-nav\">&raquo;<\/span><\/a><\/p>\n","protected":false},"author":497,"featured_media":0,"comment_status":"closed","ping_status":"closed","sticky":false,"template":"","format":"standard","meta":{"footnotes":""},"categories":[540],"tags":[79209,551,79211,79205,79207,14109],"class_list":["post-393","post","type-post","status-publish","format-standard","hentry","category-forschung","tag-buhnenarchitektur","tag-inszenierung","tag-kulturtechniken","tag-mas-spatial-design","tag-museumsszenografie","tag-offentlicher-raum","author-nuria"],"_links":{"self":[{"href":"https:\/\/blog.zhdk.ch\/oeffentlich\/wp-json\/wp\/v2\/posts\/393","targetHints":{"allow":["GET"]}}],"collection":[{"href":"https:\/\/blog.zhdk.ch\/oeffentlich\/wp-json\/wp\/v2\/posts"}],"about":[{"href":"https:\/\/blog.zhdk.ch\/oeffentlich\/wp-json\/wp\/v2\/types\/post"}],"author":[{"embeddable":true,"href":"https:\/\/blog.zhdk.ch\/oeffentlich\/wp-json\/wp\/v2\/users\/497"}],"replies":[{"embeddable":true,"href":"https:\/\/blog.zhdk.ch\/oeffentlich\/wp-json\/wp\/v2\/comments?post=393"}],"version-history":[{"count":3,"href":"https:\/\/blog.zhdk.ch\/oeffentlich\/wp-json\/wp\/v2\/posts\/393\/revisions"}],"predecessor-version":[{"id":543,"href":"https:\/\/blog.zhdk.ch\/oeffentlich\/wp-json\/wp\/v2\/posts\/393\/revisions\/543"}],"wp:attachment":[{"href":"https:\/\/blog.zhdk.ch\/oeffentlich\/wp-json\/wp\/v2\/media?parent=393"}],"wp:term":[{"taxonomy":"category","embeddable":true,"href":"https:\/\/blog.zhdk.ch\/oeffentlich\/wp-json\/wp\/v2\/categories?post=393"},{"taxonomy":"post_tag","embeddable":true,"href":"https:\/\/blog.zhdk.ch\/oeffentlich\/wp-json\/wp\/v2\/tags?post=393"}],"curies":[{"name":"wp","href":"https:\/\/api.w.org\/{rel}","templated":true}]}}