{"id":1050,"date":"2020-01-14T14:54:28","date_gmt":"2020-01-14T14:54:28","guid":{"rendered":"https:\/\/blog.zhdk.ch\/praxisjournal\/?p=1050"},"modified":"2020-01-14T15:22:34","modified_gmt":"2020-01-14T15:22:34","slug":"das-atelier-c-in-lanzarote","status":"publish","type":"post","link":"https:\/\/blog.zhdk.ch\/praxisjournal\/2020\/01\/14\/das-atelier-c-in-lanzarote\/","title":{"rendered":"Das Atelier C in Lanzarote"},"content":{"rendered":"<p><img loading=\"lazy\" decoding=\"async\" class=\"wp-image-1056 alignnone\" src=\"https:\/\/blog.zhdk.ch\/praxisjournal\/files\/2020\/01\/Instagram_Claudine_Etter_Briefmarke.jpg\" alt=\"\" width=\"233\" height=\"233\" srcset=\"https:\/\/blog.zhdk.ch\/praxisjournal\/files\/2020\/01\/Instagram_Claudine_Etter_Briefmarke.jpg 480w, https:\/\/blog.zhdk.ch\/praxisjournal\/files\/2020\/01\/Instagram_Claudine_Etter_Briefmarke-300x300.jpg 300w, https:\/\/blog.zhdk.ch\/praxisjournal\/files\/2020\/01\/Instagram_Claudine_Etter_Briefmarke-150x150.jpg 150w\" sizes=\"auto, (max-width: 233px) 100vw, 233px\" \/> <img loading=\"lazy\" decoding=\"async\" class=\" wp-image-1054 alignnone\" src=\"https:\/\/blog.zhdk.ch\/praxisjournal\/files\/2020\/01\/IMG_6309-2.jpg\" alt=\"\" width=\"234\" height=\"234\" srcset=\"https:\/\/blog.zhdk.ch\/praxisjournal\/files\/2020\/01\/IMG_6309-2.jpg 480w, https:\/\/blog.zhdk.ch\/praxisjournal\/files\/2020\/01\/IMG_6309-2-300x300.jpg 300w, https:\/\/blog.zhdk.ch\/praxisjournal\/files\/2020\/01\/IMG_6309-2-150x150.jpg 150w\" sizes=\"auto, (max-width: 234px) 100vw, 234px\" \/><\/p>\n<p>Freitagnachmittag \u2013 ein Telefon nach El Golfo, Lanzarote. Am anderen Ende der Leitung sitzt Claudine Etter in ihrem umgebauten, weissen Van mit Blick aufs Meer. Hier, auf acht Quadratmetern arbeitet und wohnt sie als freischaffende Illustratorin.<\/p>\n<p>Claudine erf\u00fcllt sich mit dieser Art des Lebens einen Traum. Sie ist seit 10 Jahren selbstst\u00e4ndig und hat bis vor drei Monaten in Bern gearbeitet. Zuerst sieben Jahre alleine, dann drei im Effinger Co-Working Space, wo sie sich den Arbeitsplatz mit Leuten den unterschiedlichsten Branchen teilte. <em>\u2039\u2039Selbstst\u00e4ndigkeit isch es herts Pflaster\u203a\u203a<\/em>, gibt sie zu. Da sei es wichtig, dass man sich austauschen und \u2013 von der Buchhaltung bis zu schwierigen\u00a0Kundengespr\u00e4chen \u2013 alles besprechen kann.<span class=\"Apple-converted-space\">\u00a0<\/span><\/p>\n<p>Das einzige, was sie mit dem Leben als \u2039digital nomad\u203a etwas vermisst, ist dieser Austausch. Sonst bietet ihr das Leben im Van bis jetzt nur Vorteile; durch die vielen neuen Eindr\u00fccke jeden Tag ist sie sehr inspiriert und effizient. Ihr Ideenpool versiegt bestimmt nicht!<\/p>\n<p>Es ist Claudine wichtig, dass der Kundenkontakt gut erhalten bleibt trotz der Distanz. Sie hat verschiedene Kunden, mit denen sie schon lange zusammenarbeitet. Da l\u00e4uft die Kommunikation (auch in der Schweiz) vor allem \u00fcber E-Mails, da sie schon eingespielt sind, und Bildsprache, Inhalt und Spezialisierung schon gekl\u00e4rt. Bei Auftr\u00e4gen wo noch mehr Absprache n\u00f6tig ist, hat sie Meetings \u00fcber Skype \u2013 Entw\u00fcrfe und Skizzen kann Claudine w\u00e4hrend dem Gespr\u00e4ch \u00fcber die Chatfunktion verschicken. <em>\u2039\u2039Das funktioniert gut!\u203a\u203a<\/em><\/p>\n<p>Ihr erster grosser Auftrag war ein Plakat f\u00fcr einen Chor. Mit diesem Plakat kam ihre Karriere als Illustratorin ins Rollen &#8211; das Plakat wurde gesehen und es folgten weitere Auftr\u00e4ge. Damals studierte sie noch an der Kunsthochschule in Berlin. Das Studium brach sie jedoch bald ab, da es f\u00fcr sie zu theoretisch war. Es interessierte sie, wie die Realit\u00e4t aussieht, ob und wie sie als selbstst\u00e4ndige Illustratorin arbeiten k\u00f6nnte. Zur\u00fcck in der Schweiz wagte sie dann diesen Schritt.<\/p>\n<p>Anfangs waren die Auftr\u00e4ge sp\u00e4rlich und sie musste, wie sie sagte, einfach Vertrauen haben, dass es l\u00e4uft. Zur Sicherheit arbeitete sie zwischendurch immer wieder als Lehrerin.<span class=\"Apple-converted-space\">\u00a0<\/span><\/p>\n<p>Nun finden die meisten Kunden \u00fcber ihre Website, oder \u00fcber publizierte Illustrationen zu Claudine. Es freut sie immer wieder, wenn Kunden genau ihren pers\u00f6nlichen Stil f\u00fcr die Zeichnungen w\u00fcnschen. Jedoch, meint sie, ist es wichtig, immer zu sp\u00fcren, was der Kunde w\u00fcnscht, was passt, und je nachdem den Stil anzupassen \u2013 viele Bildsprachen zu sprechen. Das bietet immer neue, spannende Herausforderungen.<span class=\"Apple-converted-space\">\u00a0<\/span><\/p>\n<p><em>\u2039\u2039Es isch d\u2019Kunst, sich selber z\u2019sii aber sich nid z\u2019verl\u00fc\u00fcre.\u203a\u203a<\/em><\/p>\n<p>Die Arbeiten f\u00fcr Kunden zeichnet Claudine fast immer digital \u2013 so kann der Kunde sich gut einbringen, wenn noch kleine \u00c4nderungen gemacht werden sollen und du als Illustratorin sparst Zeit. Neben allen Auftr\u00e4gen auch Pausen zu machen und eigene Arbeiten zu verwirklichen ist f\u00fcr Claudine wichtig: <em>\u2039\u2039Es isch unglaublich wichtig, das mer em eigene Kreative Moment, de eigene Idee und sich selber Sorg hebt.\u203a\u203a<\/em><\/p>\n<p>Zum Schluss zeigt mir Claudine noch ihren Arbeitsplatz und den Van. Sie klappt ein kleines Regal an der Seite des Autos auf: <em>\u2039\u2039Das isch mis Atelier\u203a\u203a.<span class=\"Apple-converted-space\">\u00a0<\/span><\/em><\/p>\n<p>Dann zeigt sie mir \u00fcbers Handy die wundersch\u00f6ne Vulkanlandschaft der Insel Lanzarote.<\/p>\n<p>Die eigene Arbeit zu reflektieren, sich immer wieder neu zu erfinden und mutig zu sein \u2013 diese Ratschl\u00e4ge nehme ich aus dem Gespr\u00e4ch mit Claudine mit, zusammen mit vielen neuen Eindr\u00fccken und Einblicken.<span class=\"Apple-converted-space\">\u00a0<\/span><\/p>\n<p>Ich bedanke mich herzlich bei Claudine Etter vom Atelier C f\u00fcr das spannende Gespr\u00e4ch!<\/p>\n<p>&nbsp;<\/p>\n<p><a href=\"http:\/\/www.atelier-c.ch\">atelier-c.ch<\/a><\/p>\n<p><img loading=\"lazy\" decoding=\"async\" class=\"alignleft size-full wp-image-1052\" src=\"https:\/\/blog.zhdk.ch\/praxisjournal\/files\/2020\/01\/IMG_0638-2.jpg\" alt=\"\" width=\"480\" height=\"640\" srcset=\"https:\/\/blog.zhdk.ch\/praxisjournal\/files\/2020\/01\/IMG_0638-2.jpg 480w, https:\/\/blog.zhdk.ch\/praxisjournal\/files\/2020\/01\/IMG_0638-2-225x300.jpg 225w\" sizes=\"auto, (max-width: 480px) 100vw, 480px\" \/><\/p>\n<p>&nbsp;<\/p>\n<p>&nbsp;<\/p>\n","protected":false},"excerpt":{"rendered":"<p>Freitagnachmittag \u2013 ein Telefon nach El Golfo, Lanzarote. Am anderen Ende der Leitung sitzt Claudine Etter in ihrem umgebauten, weissen Van mit Blick aufs Meer. Hier, auf acht Quadratmetern arbeitet und wohnt sie als freischaffende Illustratorin. Claudine erf\u00fcllt sich mit dieser Art des Lebens einen Traum. Sie ist seit 10 Jahren selbstst\u00e4ndig und hat bis &hellip;<\/p>\n","protected":false},"author":4305,"featured_media":0,"comment_status":"open","ping_status":"open","sticky":false,"template":"","format":"standard","meta":{"footnotes":""},"categories":[1],"tags":[],"class_list":["post-1050","post","type-post","status-publish","format-standard","hentry","category-uncategorized"],"_links":{"self":[{"href":"https:\/\/blog.zhdk.ch\/praxisjournal\/wp-json\/wp\/v2\/posts\/1050","targetHints":{"allow":["GET"]}}],"collection":[{"href":"https:\/\/blog.zhdk.ch\/praxisjournal\/wp-json\/wp\/v2\/posts"}],"about":[{"href":"https:\/\/blog.zhdk.ch\/praxisjournal\/wp-json\/wp\/v2\/types\/post"}],"author":[{"embeddable":true,"href":"https:\/\/blog.zhdk.ch\/praxisjournal\/wp-json\/wp\/v2\/users\/4305"}],"replies":[{"embeddable":true,"href":"https:\/\/blog.zhdk.ch\/praxisjournal\/wp-json\/wp\/v2\/comments?post=1050"}],"version-history":[{"count":7,"href":"https:\/\/blog.zhdk.ch\/praxisjournal\/wp-json\/wp\/v2\/posts\/1050\/revisions"}],"predecessor-version":[{"id":1096,"href":"https:\/\/blog.zhdk.ch\/praxisjournal\/wp-json\/wp\/v2\/posts\/1050\/revisions\/1096"}],"wp:attachment":[{"href":"https:\/\/blog.zhdk.ch\/praxisjournal\/wp-json\/wp\/v2\/media?parent=1050"}],"wp:term":[{"taxonomy":"category","embeddable":true,"href":"https:\/\/blog.zhdk.ch\/praxisjournal\/wp-json\/wp\/v2\/categories?post=1050"},{"taxonomy":"post_tag","embeddable":true,"href":"https:\/\/blog.zhdk.ch\/praxisjournal\/wp-json\/wp\/v2\/tags?post=1050"}],"curies":[{"name":"wp","href":"https:\/\/api.w.org\/{rel}","templated":true}]}}