{"id":1567,"date":"2021-01-21T22:08:44","date_gmt":"2021-01-21T22:08:44","guid":{"rendered":"https:\/\/blog.zhdk.ch\/praxisjournal\/?p=1567"},"modified":"2021-01-21T22:08:44","modified_gmt":"2021-01-21T22:08:44","slug":"interview-mit-rahel-kern","status":"publish","type":"post","link":"https:\/\/blog.zhdk.ch\/praxisjournal\/2021\/01\/21\/interview-mit-rahel-kern\/","title":{"rendered":"Interview mit Rahel Kern"},"content":{"rendered":"<p>&nbsp;<\/p>\n<p><img loading=\"lazy\" decoding=\"async\" class=\"alignnone size-large wp-image-1575\" src=\"https:\/\/blog.zhdk.ch\/praxisjournal\/files\/2021\/01\/image-1024x717.jpg\" alt=\"\" width=\"960\" height=\"672\" srcset=\"https:\/\/blog.zhdk.ch\/praxisjournal\/files\/2021\/01\/image-1024x717.jpg 1024w, https:\/\/blog.zhdk.ch\/praxisjournal\/files\/2021\/01\/image-300x210.jpg 300w, https:\/\/blog.zhdk.ch\/praxisjournal\/files\/2021\/01\/image-768x538.jpg 768w, https:\/\/blog.zhdk.ch\/praxisjournal\/files\/2021\/01\/image-1536x1075.jpg 1536w, https:\/\/blog.zhdk.ch\/praxisjournal\/files\/2021\/01\/image.jpg 1800w\" sizes=\"auto, (max-width: 960px) 100vw, 960px\" \/><\/p>\n<p>Ich kam ins B\u00fcro und ging direkt zum Tisch mit der Post des Tages. Ich war an der Reihe mit dem auspacken und aussortieren von den eingeschickten Unterschriften. In einem Brief war eine Postkarte die mir gleich ins Auge fiel; eine Illustration von einem Vogel am Haken einer Angelschnur. Da ich mich mitten im Aufnahmeverfahren der ZHdK befand, machte es mir umso mehr Freude zu lesen, dass es sich um eine Scientific Visualization Bachelorarbeit handelte.<\/p>\n<p>Im Rahmen des Moduls nahm ich Kontakt mit Rahel Kern auf, die K\u00fcnstlerin hinter der Illustration. Sie nahm meine Anfrage freundlich an. Aufgrund der aktuellen Umst\u00e4nde f\u00fchrten wir das Interview schriftlich \u00fcber Mail durch.<br \/>\nDie Ausbildung begann sie mit dem Vorkurs an der Kunstschule Winterthur. Ihr Interesse f\u00fcr die Wissensvermittlung durch Bilder und die Freude am Zeichnen f\u00fchrte sie zum Studium von Scientific Visualization an der ZHdK, welches sie vor 2 Jahren abschloss.<\/p>\n<p>Es nahm mich Wunder, wie sie nach dem Studium den Schritt in die Berufswelt schaffte. Dazu antwortete sie, dass sie sich schon w\u00e4hrend dem Studium \u00fcber eine Zukunft als Freelancerin Gedanken gemacht hatte und so bereits vor dem Abschluss an ihrem online Portfolio zu arbeiten begann. Sie nahm Kontakt auf mit anderen Illustratoren und erz\u00e4hlte den Leuten in ihrer Umgebung \u00fcber ihre Arbeiten. Nach dem Studium wurde sie auf Social Media aktiv [<em>Instagram |@rahelkern.illustration<\/em>] und fokussierte sich auf die Erweiterung ihres Portfolios.<\/p>\n<p>Selbstst\u00e4ndig zu arbeiten verl\u00e4uft aber nicht so <em>smooth<\/em> wie man es erhofft. <strong>\u00abEs ist verbunden mit vielen Unsicherheiten, wie z.B. ein unregelm\u00e4ssiges und ungewisses Einkommen, und es setzt sehr viel Selbstdisziplin voraus.\u00bb<\/strong><br \/>\nAuch Auftr\u00e4ge zu bekommen sei eher Geduld- und Gl\u00fcckssache.<br \/>\n<strong>\u00abWichtig ist auf jeden Fall, m\u00f6glichst vielen Personen von der eigenen Arbeit zu erz\u00e4hlen.\u00bb<\/strong><br \/>\nSo kann man \u00fcber Social Media auf Kunden kommen, oder manchmal auch direkt bei der Firma, Person oder Institution die einem Interessiert Kontakt aufnehmen.<\/p>\n<p>Dennoch hat Rahel Freude an ihrem Beruf: <strong>\u00abSelber zu entscheiden, was und wann ich arbeiten m\u00f6chte, gibt mir die n\u00f6tige Motivation am Ball zu bleiben.\u00bb<\/strong><br \/>\nIn Zukunft hat sie vor den Master in Art Education zu machen, damit sie neben ihrer selbst\u00e4ndigen T\u00e4tigkeit auch an Schulen unterrichten kann.<br \/>\n<strong>\u00abDas bietet mir die n\u00f6tige Abwechslung sowie eine gewisse finanzielle Sicherheit.\u00bb<\/strong><\/p>\n<p>Momentan arbeitet sie vor allem digital mit den Adobe Programmen und, am liebsten, mit ProCreate. Es sei praktischer und man spart viel Zeit was Auftr\u00e4gen angeht, schreibt sie. Digitales l\u00e4sst sich schnell \u00e4ndern und anpassen, man kann aber auch Bilddateien von Kunden direkt \u00fcbernehmen und so erweitern.<br \/>\nZwischendurch greift sie gerne wieder zum Bleistift um zu skizzieren, ob f\u00fcr den Zeitvertreib oder f\u00fcr Skizzen von gr\u00f6sseren Projekte.<\/p>\n<p>Rahel setzt sich gerne mit digitalen Tierillustrationen, vor allem V\u00f6gel, auseinander. Das ist ihr Go-To Motiv um den Kopf abzuschalten. Insbesondere dann, wenn sie als Ausgleich zu denk-intensiveren Arbeiten, die viele Ideen oder Entw\u00fcrfe verlangen, dienen.<br \/>\n<strong>\u00abDie Kombination dieser verschiedenen Arbeitsweisen macht meine Arbeit spannend und abwechslungsreich.\u00bb<\/strong><\/p>\n<p>Zum Schluss noch ihr Tipp f\u00fcr uns Studenten:<\/p>\n<p><strong>\u00abDas Studium ist ein guter Rahmen, um sich mit anderen Gestaltern auszutauschen und von ihnen zu profitieren. Kaum findet man sp\u00e4ter einen Ort, an dem sich so viele gestalterisch qualitative Meinungen tummeln. [&#8230;] Nutzt die Zeit auch, um euren eigenen Interessen nachzugehen und diese zu vertiefen oder um heraus zu finden, was euch genau interessiert. Macht einfach, was ihr f\u00fcr sinnvoll haltet, was euch weiterbringt und was euch Spass macht :)\u00bb<\/strong><\/p>\n<p>www.rahelkern.ch<\/p>\n<p><img loading=\"lazy\" decoding=\"async\" class=\"wp-image-1543 alignright\" src=\"https:\/\/blog.zhdk.ch\/praxisjournal\/files\/2021\/01\/image-602x1024.png\" alt=\"\" width=\"314\" height=\"534\" srcset=\"https:\/\/blog.zhdk.ch\/praxisjournal\/files\/2021\/01\/image-602x1024.png 602w, https:\/\/blog.zhdk.ch\/praxisjournal\/files\/2021\/01\/image-176x300.png 176w, https:\/\/blog.zhdk.ch\/praxisjournal\/files\/2021\/01\/image-768x1306.png 768w, https:\/\/blog.zhdk.ch\/praxisjournal\/files\/2021\/01\/image.png 860w\" sizes=\"auto, (max-width: 314px) 100vw, 314px\" \/><img loading=\"lazy\" decoding=\"async\" class=\"wp-image-1583 alignleft\" src=\"https:\/\/blog.zhdk.ch\/praxisjournal\/files\/2021\/01\/image-3-701x1024.png\" alt=\"\" width=\"349\" height=\"510\" srcset=\"https:\/\/blog.zhdk.ch\/praxisjournal\/files\/2021\/01\/image-3-701x1024.png 701w, https:\/\/blog.zhdk.ch\/praxisjournal\/files\/2021\/01\/image-3-205x300.png 205w, https:\/\/blog.zhdk.ch\/praxisjournal\/files\/2021\/01\/image-3-768x1123.png 768w, https:\/\/blog.zhdk.ch\/praxisjournal\/files\/2021\/01\/image-3.png 916w\" sizes=\"auto, (max-width: 349px) 100vw, 349px\" \/><\/p>\n","protected":false},"excerpt":{"rendered":"<p>&nbsp; Ich kam ins B\u00fcro und ging direkt zum Tisch mit der Post des Tages. Ich war an der Reihe mit dem auspacken und aussortieren von den eingeschickten Unterschriften. In einem Brief war eine Postkarte die mir gleich ins Auge fiel; eine Illustration von einem Vogel am Haken einer Angelschnur. Da ich mich mitten im &hellip;<\/p>\n","protected":false},"author":6311,"featured_media":0,"comment_status":"open","ping_status":"open","sticky":false,"template":"","format":"standard","meta":{"footnotes":""},"categories":[1],"tags":[],"class_list":["post-1567","post","type-post","status-publish","format-standard","hentry","category-uncategorized"],"_links":{"self":[{"href":"https:\/\/blog.zhdk.ch\/praxisjournal\/wp-json\/wp\/v2\/posts\/1567","targetHints":{"allow":["GET"]}}],"collection":[{"href":"https:\/\/blog.zhdk.ch\/praxisjournal\/wp-json\/wp\/v2\/posts"}],"about":[{"href":"https:\/\/blog.zhdk.ch\/praxisjournal\/wp-json\/wp\/v2\/types\/post"}],"author":[{"embeddable":true,"href":"https:\/\/blog.zhdk.ch\/praxisjournal\/wp-json\/wp\/v2\/users\/6311"}],"replies":[{"embeddable":true,"href":"https:\/\/blog.zhdk.ch\/praxisjournal\/wp-json\/wp\/v2\/comments?post=1567"}],"version-history":[{"count":4,"href":"https:\/\/blog.zhdk.ch\/praxisjournal\/wp-json\/wp\/v2\/posts\/1567\/revisions"}],"predecessor-version":[{"id":1587,"href":"https:\/\/blog.zhdk.ch\/praxisjournal\/wp-json\/wp\/v2\/posts\/1567\/revisions\/1587"}],"wp:attachment":[{"href":"https:\/\/blog.zhdk.ch\/praxisjournal\/wp-json\/wp\/v2\/media?parent=1567"}],"wp:term":[{"taxonomy":"category","embeddable":true,"href":"https:\/\/blog.zhdk.ch\/praxisjournal\/wp-json\/wp\/v2\/categories?post=1567"},{"taxonomy":"post_tag","embeddable":true,"href":"https:\/\/blog.zhdk.ch\/praxisjournal\/wp-json\/wp\/v2\/tags?post=1567"}],"curies":[{"name":"wp","href":"https:\/\/api.w.org\/{rel}","templated":true}]}}