{"id":1938,"date":"2022-01-19T08:44:20","date_gmt":"2022-01-19T08:44:20","guid":{"rendered":"https:\/\/blog.zhdk.ch\/praxisjournal\/?p=1938"},"modified":"2022-01-19T08:45:35","modified_gmt":"2022-01-19T08:45:35","slug":"interview-mit-sascha-tittmann","status":"publish","type":"post","link":"https:\/\/blog.zhdk.ch\/praxisjournal\/2022\/01\/19\/interview-mit-sascha-tittmann\/","title":{"rendered":"Interview mit Sascha Tittmann"},"content":{"rendered":"<blockquote><p><strong><em>\u00abBeeinflusst durch erste Trickfilme, Comics, die Pop-\/Rockkultur sowie popul\u00e4rwissenschaftlichen\u00a0Darstellungen, fand ich meinen Weg zur Gestaltung und Illustration.\u00bb<\/em><\/strong><\/p><\/blockquote>\n<p><span style=\"font-size: 17px\">Sascha Tittmann arbeitet seit 2006 als Mitgr\u00fcnder bei der Agentur \u00abB\u00fcro Sequenz GmbH\u00bb in St. Gallen.\u00a0<\/span>Als Unternehmen suchen Sie erfolgreich nach visuellen Kommunikationsl\u00f6sungen und pr\u00e4sentieren diese durch gestalterische Vielfalt sowie zeitlose Wertigkeit. Zu ihren Spezialit\u00e4ten geh\u00f6rt das Illustrieren, welches Sascha Tittmann schon fr\u00fch f\u00fcr sich entdeckte.<\/p>\n<p style=\"text-align: left\">Angefangen hat alles 1979, als Sascha als 5 j\u00e4hriger mit seine Familie aus Leipzig, Deutschland, zur\u00fcck\u00a0in die Schweiz zog. Gemeinsam wohnten sie in einer modernen Hochhaussiedlung in Chur, Graub\u00fcnden.\u00a0Schon fr\u00fch entdeckte er das Comiczeichnen f\u00fcr sich, welches er dem damals aufkommenden Satelliten\u00a0TV verdankte. Auch das Sammeln von Schallplatten und die damit verbundene Pop\/Rock Kultur inspirierten\u00a0ihn, den gestalterischen Weg einzuschlagen.<\/p>\n<blockquote><p><strong><em>\u00abNiemand aus der Familie hat mir den Zugang zur Grafik, Typografie oder Illustration geebnet,\u00a0sondern alle anderen Eindr\u00fccke, welche mich in meiner Kinderzeit gepr\u00e4gt haben.\u00bb<\/em><\/strong><\/p><\/blockquote>\n<p>Zu Beginn der Sekundarschule hatte Sascha erste Ber\u00fchrungen zur Visuellen Gestaltung. Mit seinen\u00a0Freunden fertigte er eigene Metal\/Skate-Punk Klamotten an, die sie mit Textilfarbe bedruckten. Schon\u00a0damals entwickelte er einen eigenen Stil, welcher in seinen Kreisen grossen Anklang fand.<\/p>\n<p>Danach wollte Sascha an die Kantonsschule wechseln, was aber aus finanziellen Gr\u00fcnden nicht m\u00f6glich\u00a0war. Dies f\u00fchrte ihn zu seinem ersten Beruf als Disponent bei der SBB. Die damit verbundenen Erfahrungen\u00a0als Organisator sollten sich jedoch zu einem sp\u00e4teren Zeitpunkt als n\u00fctzlich erweisen. In den berufsbedingten\u00a0Wartezeiten, in denen sich gerne Langeweile bemerkbar machte, widmete er seine Aufmerksamkeit\u00a0der Musik und dem Zeichnen.<\/p>\n<p>F\u00fcr Sascha war von Anfang an klar, dass seine Erstausbildung als Disponent nicht seinen Interessen\u00a0entsprechen w\u00fcrde und musste sich f\u00fcr seinen weiteren Weg zwischen der Musik und der Gestaltung\u00a0entscheiden. Als spontane \u00abNotl\u00f6sung\u00bb entschied er sich damals f\u00fcr die Fachklasse Grafik, in der er\u00a0einen pr\u00e4genden Sch\u00fcleraustausch in Warschau, Polen, erleben konnte. In dieser Zeit besuchte er f\u00fcr ein\u00a0halbes Jahr zwei Kurse. Animation bei Daniel Szczechura und Plakatgestaltung bei Lech Majewski. Mit\u00a0den damit gesammelten Inputs und Erfahrungen kehrte Sascha zur\u00fcck in die Schweiz und absolvierte\u00a0die Pr\u00fcfung zum Visuellen Gestalter.<\/p>\n<p>Zusammen mit seiner Partnerin Anna Furrer veranstaltete er Wettbewerbe mit Trickfilmausschnitten, Live Events\u00a0und produzierte 2002 bis 2008 eine j\u00e4hrliche Ausgabe des Magazins Sequenz. Darin ver\u00f6ffentlichten\u00a0sie kleine Stories von verschiedenen Ostschweizer Comiczeichner\/-innen aller Altersgruppen.<\/p>\n<blockquote><p><strong><em>\u00abZu dieser Zeit hat man in St. Gallen editoriale Illustrationen oder Plakate mit Illustrationen kaum\u00a0gekannt.\u00bb<\/em><\/strong><\/p><\/blockquote>\n<p>Mit der Zeit h\u00e4uften sich die Anfragen nach Illustrationen und Animationen und zusammen mit seiner\u00a0Partnerin und einem Freund entschieden sie sich, eine Agentur mit dem Namen \u00abB\u00fcro Sequenz GmbH\u00bb\u00a0zu gr\u00fcnden.\u00a0Es gab einen stetigen Kundenzuwachs, wodurch auch die Agentur an Aufmerksamkeit gewann. Bis 2018\u00a0umfasste das B\u00fcro 12 Mitarbeitende, was dazu f\u00fchrte, dass die Gr\u00fcnder mehr und mehr in die Funktion\u00a0der Gesch\u00e4ftsleitung\/Management gedr\u00e4ngt wurden. Nach l\u00e4ngerem \u00dcberlegen und Strategiebesprechungen\u00a0entschieden sie sich, abgehende Mitarbeiter nicht mehr zu ersetzen, um dadurch wieder mehr\u00a0am kreativen Schaffen teilnehmen zu k\u00f6nnen.<\/p>\n<p>Abschliessend fragte ich Sascha, was f\u00fcr ihn an seiner Arbeit als Visueller Gestalter am wichtigsten ist?\u00a0Er antwortete mir darauf, dass es im Leben unerl\u00e4sslich ist, an dem zu Arbeiten was man liebt, dem nur\u00a0dann kann es wirklich einzigartig werden.<\/p>\n<p>Ich m\u00f6chte mich nochmals herzlich bei Sascha Tittmann f\u00fcr seine Zeit und Offenheit bedanken. Es hat\u00a0mich sehr motiviert ihm zuzuh\u00f6ren und mehr \u00fcber ihn und seine Laufbahn als Visueller Gestalter zu erfahren.<\/p>\n<p>Auf der Website von B\u00fcro Sequenz bekommt man einen wunderbaren Einblick in ihr Schaffen: <a href=\"https:\/\/sequenz.net\">https:\/\/sequenz.net<\/a><\/p>\n<p>&nbsp;<\/p>\n<p><img loading=\"lazy\" decoding=\"async\" class=\"aligncenter wp-image-1952\" src=\"https:\/\/blog.zhdk.ch\/praxisjournal\/files\/2022\/01\/homeoffice_sascha-768x1024.jpg\" alt=\"\" width=\"500\" height=\"667\" srcset=\"https:\/\/blog.zhdk.ch\/praxisjournal\/files\/2022\/01\/homeoffice_sascha-768x1024.jpg 768w, https:\/\/blog.zhdk.ch\/praxisjournal\/files\/2022\/01\/homeoffice_sascha-225x300.jpg 225w, https:\/\/blog.zhdk.ch\/praxisjournal\/files\/2022\/01\/homeoffice_sascha-1152x1536.jpg 1152w, https:\/\/blog.zhdk.ch\/praxisjournal\/files\/2022\/01\/homeoffice_sascha-1536x2048.jpg 1536w, https:\/\/blog.zhdk.ch\/praxisjournal\/files\/2022\/01\/homeoffice_sascha-scaled.jpg 1920w\" sizes=\"auto, (max-width: 500px) 100vw, 500px\" \/><\/p>\n<p>&nbsp;<\/p>\n<p data-wp-editing=\"1\"><img loading=\"lazy\" decoding=\"async\" class=\"aligncenter wp-image-1960\" src=\"https:\/\/blog.zhdk.ch\/praxisjournal\/files\/2022\/01\/20-1024x683.jpg\" alt=\"\" width=\"400\" height=\"267\" srcset=\"https:\/\/blog.zhdk.ch\/praxisjournal\/files\/2022\/01\/20-1024x683.jpg 1024w, https:\/\/blog.zhdk.ch\/praxisjournal\/files\/2022\/01\/20-300x200.jpg 300w, https:\/\/blog.zhdk.ch\/praxisjournal\/files\/2022\/01\/20-768x512.jpg 768w, https:\/\/blog.zhdk.ch\/praxisjournal\/files\/2022\/01\/20.jpg 1500w\" sizes=\"auto, (max-width: 400px) 100vw, 400px\" \/> <img loading=\"lazy\" decoding=\"async\" class=\"aligncenter wp-image-1962\" src=\"https:\/\/blog.zhdk.ch\/praxisjournal\/files\/2022\/01\/30-300x200.jpg\" alt=\"\" width=\"400\" height=\"267\" srcset=\"https:\/\/blog.zhdk.ch\/praxisjournal\/files\/2022\/01\/30-300x200.jpg 300w, https:\/\/blog.zhdk.ch\/praxisjournal\/files\/2022\/01\/30-1024x683.jpg 1024w, https:\/\/blog.zhdk.ch\/praxisjournal\/files\/2022\/01\/30-768x512.jpg 768w, https:\/\/blog.zhdk.ch\/praxisjournal\/files\/2022\/01\/30.jpg 1500w\" sizes=\"auto, (max-width: 400px) 100vw, 400px\" \/> <img loading=\"lazy\" decoding=\"async\" class=\"aligncenter wp-image-1964\" src=\"https:\/\/blog.zhdk.ch\/praxisjournal\/files\/2022\/01\/40-300x200.jpg\" alt=\"\" width=\"400\" height=\"267\" srcset=\"https:\/\/blog.zhdk.ch\/praxisjournal\/files\/2022\/01\/40-300x200.jpg 300w, https:\/\/blog.zhdk.ch\/praxisjournal\/files\/2022\/01\/40-1024x683.jpg 1024w, https:\/\/blog.zhdk.ch\/praxisjournal\/files\/2022\/01\/40-768x512.jpg 768w, https:\/\/blog.zhdk.ch\/praxisjournal\/files\/2022\/01\/40.jpg 1500w\" sizes=\"auto, (max-width: 400px) 100vw, 400px\" \/><\/p>\n","protected":false},"excerpt":{"rendered":"<p>\u00abBeeinflusst durch erste Trickfilme, Comics, die Pop-\/Rockkultur sowie popul\u00e4rwissenschaftlichen\u00a0Darstellungen, fand ich meinen Weg zur Gestaltung und Illustration.\u00bb Sascha Tittmann arbeitet seit 2006 als Mitgr\u00fcnder bei der Agentur \u00abB\u00fcro Sequenz GmbH\u00bb in St. Gallen.\u00a0Als Unternehmen suchen Sie erfolgreich nach visuellen Kommunikationsl\u00f6sungen und pr\u00e4sentieren diese durch gestalterische Vielfalt sowie zeitlose Wertigkeit. Zu ihren Spezialit\u00e4ten geh\u00f6rt das Illustrieren, &hellip;<\/p>\n","protected":false},"author":6414,"featured_media":0,"comment_status":"closed","ping_status":"closed","sticky":false,"template":"","format":"standard","meta":{"footnotes":""},"categories":[1],"tags":[],"class_list":["post-1938","post","type-post","status-publish","format-standard","hentry","category-uncategorized"],"_links":{"self":[{"href":"https:\/\/blog.zhdk.ch\/praxisjournal\/wp-json\/wp\/v2\/posts\/1938","targetHints":{"allow":["GET"]}}],"collection":[{"href":"https:\/\/blog.zhdk.ch\/praxisjournal\/wp-json\/wp\/v2\/posts"}],"about":[{"href":"https:\/\/blog.zhdk.ch\/praxisjournal\/wp-json\/wp\/v2\/types\/post"}],"author":[{"embeddable":true,"href":"https:\/\/blog.zhdk.ch\/praxisjournal\/wp-json\/wp\/v2\/users\/6414"}],"replies":[{"embeddable":true,"href":"https:\/\/blog.zhdk.ch\/praxisjournal\/wp-json\/wp\/v2\/comments?post=1938"}],"version-history":[{"count":12,"href":"https:\/\/blog.zhdk.ch\/praxisjournal\/wp-json\/wp\/v2\/posts\/1938\/revisions"}],"predecessor-version":[{"id":1970,"href":"https:\/\/blog.zhdk.ch\/praxisjournal\/wp-json\/wp\/v2\/posts\/1938\/revisions\/1970"}],"wp:attachment":[{"href":"https:\/\/blog.zhdk.ch\/praxisjournal\/wp-json\/wp\/v2\/media?parent=1938"}],"wp:term":[{"taxonomy":"category","embeddable":true,"href":"https:\/\/blog.zhdk.ch\/praxisjournal\/wp-json\/wp\/v2\/categories?post=1938"},{"taxonomy":"post_tag","embeddable":true,"href":"https:\/\/blog.zhdk.ch\/praxisjournal\/wp-json\/wp\/v2\/tags?post=1938"}],"curies":[{"name":"wp","href":"https:\/\/api.w.org\/{rel}","templated":true}]}}