{"id":2185,"date":"2023-01-18T09:08:20","date_gmt":"2023-01-18T09:08:20","guid":{"rendered":"https:\/\/blog.zhdk.ch\/praxisjournal\/?p=2185"},"modified":"2023-01-18T09:08:20","modified_gmt":"2023-01-18T09:08:20","slug":"interview-mit-frederic-siegel","status":"publish","type":"post","link":"https:\/\/blog.zhdk.ch\/praxisjournal\/2023\/01\/18\/interview-mit-frederic-siegel\/","title":{"rendered":"Interview mit Frederic Siegel"},"content":{"rendered":"<p style=\"font-weight: 400;text-align: center\">Dezember 8, 2022<\/p>\n<p style=\"font-weight: 400;text-align: center\"><strong>Interview mit Frederic Siegel (Mitglied Kollektiv Team Tumult)<\/strong><\/p>\n<p style=\"font-weight: 400;text-align: center\">\u00dcber das Z\u00fcrcher Creative Kollektiv Team Tumult haben wir Frederic Siegel erreicht und freuten uns riesig, dass er sich bereiterkl\u00e4rt hat das Interview durchzuf\u00fchren. Es fand via Teams statt, da sich Fredi zu diesem Zeitpunkt in einer K\u00fcnstlerresidenz in New York aufhielt.<\/p>\n<p style=\"font-weight: 400;text-align: center\">Dieser Ortwechsel \u00fcber 4 Monate hinweg erm\u00f6glicht ihm, sich inspirieren zu lassen, die Stadt kennenzulernen, zu arbeiten und Netzwerke zu erschliessen.<\/p>\n<p style=\"font-weight: 400;text-align: center\">Frederic Siegel ist ein schweizer Animator, Animationsregisseur, Illustrator, Lehrbeauftragter f\u00fcr Animation an der Fachhochschule in Graub\u00fcnden und Bern. Dazu ist er Mitglied des in Z\u00fcrich ans\u00e4ssigen Kollektivs Team Tumult. Mit seinen Animationen gewann er bereits einige Preise und Awards, die ihm in seiner Karriere viele T\u00fcren \u00f6ffneten. Neben Auftragsarbeiten im Kollektiv und dem Dozieren, arbeitet er an eigenen und pers\u00f6nlichen Projekten.<\/p>\n<p style=\"font-weight: 400;text-align: center\">Nach dem Gymnasium arbeitete Fredi ein Jahr, bevor er den Vorkurs in Luzern besuchte. Darauf folgte das Bachelorstudium mit dem Schwerpunkt in der 2D Animation, welches er mit dem mehrmals ausgezeichneten Film \u00abRuben Leaves\u00bb erfolgreich abschloss. In der Studienzeit kn\u00fcpfte Fredi viele Kontakte, von denen er sp\u00e4ter profitieren konnte und diese auch bis heute noch pflegt und sch\u00e4tzt.<\/p>\n<p style=\"font-weight: 400;text-align: center\">F\u00fcr die Zukunft plant er einen Master zu machen, um sich zu spezialisieren und da ein Masterstudium Voraussetzung f\u00fcr eine Festanstellungen an Hochschulen und Unis ist.<\/p>\n<p style=\"font-weight: 400;text-align: center\">Die Abschlussarbeit \u00abRuben Leaves\u00bb erntete grossen Erfolg. Dadurch gelang ihm einen organischen \u00dcbergang in die Arbeitswelt. Er wurde an diversen Filmfestivals gezeigt, wodurch einige Musikgruppen auf ihn aufmerksam wurden und Fredis Animationen f\u00fcr ihre Musikvideos miteinbeziehen wollten. Eine Pause nach dem Studium gab es also nicht, denn zus\u00e4tzlich absolvierte er ein 6-monatiges Praktikum bei Vaudeville Studios GmbH in Z\u00fcrich. Gleichzeitig arbeitete er an einem neuen Kurzfilm. In dieser Zeit entstand auch die Idee f\u00fcr das Kollektiv Team Tumult.<\/p>\n<p style=\"font-weight: 400;text-align: center\">An die Auftr\u00e4ge ist das Kollektiv \u00abTeam Tumult\u00bb zu Beginn \u00fcber das eigene Netzwerk, Freunde und Bekannte, mithilfe von Mund-zu-Mund-Propaganda und Visitenkarten gelangt. Viele K\u00fcnstler wurden durch Fredis Film \u00abRuben Leaves\u00bb auf ihn aufmerksam. Auch durch die Teilnahme an Branchenevents wurde das Kollektiv gesehen und geh\u00f6rt und lernte die Z\u00fcrcher Animationsszene kennen. Ein weiterer Antrieb war die erfolgreiche Teilnahme an Wettbewerben und ein dadurch entstandenes Film-Projekt f\u00fcr das Museum f\u00fcr Kommunikation in Bern.<\/p>\n<p style=\"font-weight: 400;text-align: center\">Von Beginn an hatte das Kollektiv Social-Media-Kan\u00e4le gepflegt. Doch am Anfang, vor etwa 7 Jahren, war das noch nicht sehr wichtig. Nach etwa zwei Jahren hatten sie eine gewisse Reichweite, doch bis heute erhalten sie die wichtigen Auftr\u00e4ge via E-Mail. Es ist dadurch schwierig einzusch\u00e4tzen, wie viel Einfluss Social-Media effektiv hat.<\/p>\n<p style=\"font-weight: 400;text-align: center\">Seine Arbeitsstelle als Dozent hat er \u00fcber ein \u00e4hnliches Interview wie dieses erhalten. Die Studenten ver\u00f6ffentlichten das Interview auf ihrem internen Schul-Blog, der von der Schulleitung gesehen wurde. Sie waren auf der Suche nach einem Dozenten f\u00fcr Animation und waren vom Interview \u00fcberzeugt, worauf sie Fredi direkt anfragten. Das ist ein Grund daf\u00fcr, weshalb er sich f\u00fcr solche Interviews jeweils gerne Zeit nimmt, denn schliesslich ist das auch Werbung f\u00fcr ihn.<\/p>\n<p style=\"font-weight: 400;text-align: center\"><em>\u00abSolche Interviews mache ich immer sehr gerne, da man nie weiss was daraus entstehen kann\u00bb<\/em><\/p>\n<p style=\"font-weight: 400;text-align: center\">Einen normalen Arbeitstag gibt es bei ihm nicht. Das Kollektiv hat ein B\u00fcro in Z\u00fcrich, die Mitglieder arbeiten aber auch oft ausserhalb, da viele w\u00e4hrend der Pandemie zur\u00fcck in die Heimat gezogen sind. Dazu kommt, dass fast alle zus\u00e4tzlich einen Arbeitsplatz in einer anderen Stadt haben. Fredi selbst ist etwa 2 Tage in der Woche in Z\u00fcrich und 2 Tage in Bern, in seinem zweiten B\u00fcro. Wenn das Kollektiv einen Auftrag erh\u00e4lt, wird zuerst ein Projektleiter oder Projektleiterin bestimmt, welcher die Aufgaben an die jeweiligen Personen verteilt. Solche Aufgaben sind bei einer Animation das Design und die Characters, Skript und Kundenkontakt, Storyboard, die Animation selbst, das Sounddesign, dass meist von externen Personen gemacht wird, und die Musik, welche je nach Budget von Musikern gemacht oder von einer Library benutzt wird. Der Projektleiter ist meist auch der Regisseur und verteilt das Budget an die jeweiligen Personen. Manche Arbeiten werden auch nur von einer Person bearbeitet, wenn es sich beispielsweise um eine Illustration handelt.<\/p>\n<p style=\"font-weight: 400;text-align: center\">Um die Zusammenarbeit zu verbessern, macht das Kollektiv Team Tumult einen j\u00e4hrlichen \u00abAni-Jam\u00bb, bei dem sie alle zusammen f\u00fcr drei Tage wegfahren und an einem eigenen Projekt arbeiten. Momentan arbeiten sie an einem Game und wir sind schon gespannt auf die Ver\u00f6ffentlichung auf der Website und auf Instagram.<\/p>\n<p style=\"font-weight: 400;text-align: center\">Was Fredi am meisten Freude bereitet ist, wenn er an seinen eigenen Projekten arbeiten und seinen Ideen freien Lauf lassen kann.<\/p>\n<p style=\"font-weight: 400;text-align: center\">Die Kommunikation mit den Kundinnen und Kunden w\u00e4hrend den Projekten macht ihm an seiner Arbeit am meisten M\u00fche. \u00abF\u00fcr eine extrovertierte Person mag das aber vielleicht ein sehr sch\u00f6ner Aspekt an der Arbeit sein\u00bb, meint er.<\/p>\n<p style=\"font-weight: 400;text-align: center\">Bei den Auftr\u00e4gen ist es sehr oft so, dass die Voraussetzungen und Vorgaben unterschiedlich sind. Oft haben gut zahlende Kundinnen und Kunden konkretere Vorstellungen und kleinere Kunden lassen dem Team dabei mehr Freiheiten.<\/p>\n<p style=\"font-weight: 400;text-align: center\"><em>\u00abViel Geld und mehr stress, weniger Geld und weniger Stress.\u00bb<\/em><\/p>\n<p style=\"font-weight: 400;text-align: center\">Nach seiner Erfahrung gilt, je mehr Geld der Auftrag einbringt desto schwieriger und fordernder sind die Auftraggebenden. Es ist wichtig eine Balance zwischen Geld und Stress zu finden.<\/p>\n<p style=\"font-weight: 400;text-align: center\">Zum Schluss gibt uns Fredi einen wertvollen Tipp mit auf den Weg. Es ist wichtig, dass man Auftragsarbeiten nicht pers\u00f6nlich nehmen darf. Oftmals gibt es Ver\u00e4nderungsw\u00fcnsche, wodurch das Projekt nicht so umgesetzt wird, wie man es sich vorgestellt hat. Da muss man dar\u00fcberstehen und seine Ideen bei den eigenen Projekten ausarbeiten.<\/p>\n<p style=\"font-weight: 400;text-align: center\">Homepage:<\/p>\n<p style=\"font-weight: 400;text-align: center\">fredericsiegel.ch und teamtumult.ch<\/p>\n<p style=\"font-weight: 400;text-align: center\">\u00a8<\/p>\n","protected":false},"excerpt":{"rendered":"<p>Dezember 8, 2022 Interview mit Frederic Siegel (Mitglied Kollektiv Team Tumult) \u00dcber das Z\u00fcrcher Creative Kollektiv Team Tumult haben wir Frederic Siegel erreicht und freuten uns riesig, dass er sich bereiterkl\u00e4rt hat das Interview durchzuf\u00fchren. Es fand via Teams statt, da sich Fredi zu diesem Zeitpunkt in einer K\u00fcnstlerresidenz in New York aufhielt. Dieser Ortwechsel &hellip;<\/p>\n","protected":false},"author":6495,"featured_media":0,"comment_status":"closed","ping_status":"closed","sticky":false,"template":"","format":"standard","meta":{"footnotes":""},"categories":[1],"tags":[],"class_list":["post-2185","post","type-post","status-publish","format-standard","hentry","category-uncategorized"],"_links":{"self":[{"href":"https:\/\/blog.zhdk.ch\/praxisjournal\/wp-json\/wp\/v2\/posts\/2185","targetHints":{"allow":["GET"]}}],"collection":[{"href":"https:\/\/blog.zhdk.ch\/praxisjournal\/wp-json\/wp\/v2\/posts"}],"about":[{"href":"https:\/\/blog.zhdk.ch\/praxisjournal\/wp-json\/wp\/v2\/types\/post"}],"author":[{"embeddable":true,"href":"https:\/\/blog.zhdk.ch\/praxisjournal\/wp-json\/wp\/v2\/users\/6495"}],"replies":[{"embeddable":true,"href":"https:\/\/blog.zhdk.ch\/praxisjournal\/wp-json\/wp\/v2\/comments?post=2185"}],"version-history":[{"count":2,"href":"https:\/\/blog.zhdk.ch\/praxisjournal\/wp-json\/wp\/v2\/posts\/2185\/revisions"}],"predecessor-version":[{"id":2191,"href":"https:\/\/blog.zhdk.ch\/praxisjournal\/wp-json\/wp\/v2\/posts\/2185\/revisions\/2191"}],"wp:attachment":[{"href":"https:\/\/blog.zhdk.ch\/praxisjournal\/wp-json\/wp\/v2\/media?parent=2185"}],"wp:term":[{"taxonomy":"category","embeddable":true,"href":"https:\/\/blog.zhdk.ch\/praxisjournal\/wp-json\/wp\/v2\/categories?post=2185"},{"taxonomy":"post_tag","embeddable":true,"href":"https:\/\/blog.zhdk.ch\/praxisjournal\/wp-json\/wp\/v2\/tags?post=2185"}],"curies":[{"name":"wp","href":"https:\/\/api.w.org\/{rel}","templated":true}]}}