{"id":2203,"date":"2023-01-19T11:46:36","date_gmt":"2023-01-19T11:46:36","guid":{"rendered":"https:\/\/blog.zhdk.ch\/praxisjournal\/?p=2203"},"modified":"2023-10-23T12:10:25","modified_gmt":"2023-10-23T12:10:25","slug":"interview-mit-nastasja-schefter","status":"publish","type":"post","link":"https:\/\/blog.zhdk.ch\/praxisjournal\/2023\/01\/19\/interview-mit-nastasja-schefter\/","title":{"rendered":"Interview mit Nastasja Schefter"},"content":{"rendered":"<p>Beim Betreten des B\u00fcros h\u00f6re ich bereits ein angeregtes Gespr\u00e4ch, bevor ich Nastasja \u00fcberhaupt sehe. Sie ist mitten im Prozess der Webseitenerweiterung von Pikka, der Z\u00fcrcher Marken- und Designagentur bei der sie seit 2 Jahren arbeitet.\u00a0Sie f\u00fchrt mich aus dem hellen B\u00fcro in ein kleines Besprechungszimmer und beginnt zu erz\u00e4hlen.<\/p>\n<p>Nastasja Schefter wuchs in Rapperswil auf und hatte schon von klein auf immer ihr Skizzenbuch dabei. Sie war Comic-Fan, zeichnete ihre Lieblingscharaktere ab und erfand sie neu und es zog sie schon immer in Richtung Zeichnen und Kunst. Im Gestalterischen Vorkurs an der HSLU fand sie ihre Begeisterung f\u00fcr die Wissenschaftliche Illustration und machte ihren Bachelor in Nonfiction.<\/p>\n<p><strong><em>\u00abIch war schon immer die, die eher das zeichnete, was es gibt. Mich interessierte es mehr, zu beobachten, als mir Geschichten auszudenken. Ich denke in einem Bild und was ich mit diesem Bild erz\u00e4hlen m\u00f6chte.\u00bb<\/em><\/strong><\/p>\n<p>Direkt anschliessend an das Studium machte sie ein Praktikum bei dem Wissenschaftlichen Zeichner Guido K\u00f6hler in Basel. Noch w\u00e4hrend dieses Praktikums bewarb sie sich \u2013 mit Erfolg \u2013 f\u00fcr ihre heutige Anstellung bei Pikka.<\/p>\n<p>Der Aufbau ihrer Arbeitstage ist oft gleich: Mails checken, planen, was heute gemacht wird und dann sitzt sie zehn Stunden am Schreibtisch. Inhaltlich ist ihre Arbeit aber ganz und gar nicht eint\u00f6nig, denn jedes Projekt ist etwas Neues. Ich erhalte Einblicke in einige interessante Arbeiten und von der Entwicklung eines kleinen Icons f\u00fcr eine Webseite bis hin zum kompletten Rebranding einer Firma ist alles dabei. Was ich noch nicht kannte: <strong>Graphic Recordings.<\/strong> Bei Pr\u00e4sentationen, Workshops und Diskussionen h\u00f6rt Nastasja zu und h\u00e4lt in einem grossen, aber sehr logisch organisierten Wimmelbild fest, was gesagt wird. \u2013 Ein originelles Protokoll, das man sich gerne ansieht und gut in Erinnerung bleibt.<\/p>\n<figure id=\"attachment_2205\" aria-describedby=\"caption-attachment-2205\" style=\"width: 1335px\" class=\"wp-caption aligncenter\"><img loading=\"lazy\" decoding=\"async\" class=\"wp-image-2205 size-full\" src=\"https:\/\/blog.zhdk.ch\/praxisjournal\/files\/2023\/01\/3.-Digitales-Graphic-Recording.jpg\" alt=\"\" width=\"1335\" height=\"2000\" srcset=\"https:\/\/blog.zhdk.ch\/praxisjournal\/files\/2023\/01\/3.-Digitales-Graphic-Recording.jpg 1335w, https:\/\/blog.zhdk.ch\/praxisjournal\/files\/2023\/01\/3.-Digitales-Graphic-Recording-200x300.jpg 200w, https:\/\/blog.zhdk.ch\/praxisjournal\/files\/2023\/01\/3.-Digitales-Graphic-Recording-684x1024.jpg 684w, https:\/\/blog.zhdk.ch\/praxisjournal\/files\/2023\/01\/3.-Digitales-Graphic-Recording-768x1151.jpg 768w, https:\/\/blog.zhdk.ch\/praxisjournal\/files\/2023\/01\/3.-Digitales-Graphic-Recording-1025x1536.jpg 1025w\" sizes=\"auto, (max-width: 1335px) 100vw, 1335px\" \/><figcaption id=\"caption-attachment-2205\" class=\"wp-caption-text\">Nastasja beim digitalen Graphic Recording am Tanzfestival Steps in Fribourg, 2022<\/figcaption><\/figure>\n<p>Auch sehr abstrakte, trockene Themen wie die Zielbildung oder Businessstrategien einer Firma verwandelt Nastasja mit sehenswerten Illustrationen und Animationen in interessante Blickf\u00e4nge.<\/p>\n<p><strong><em>\u00abAm spannendsten ist die Challenge, ein Thema auf eine neue didaktische Weise zu visualisieren. Im Bereich der Dienstleistungen fordern KundInnen manchmal \u00e4hnliche Dinge. Trotzdem m\u00fcssen wir immer einen neuen Weg finden, wie wir das Thema so darstellen, dass es f\u00fcr die AuftragstellerInnen\u00a0stimmt.\u00bb<\/em><\/strong><\/p>\n<p>Manche KundInnen haben bereits ihr Corporate Design und geben bis aufs kleinste Detail alles vor. Dann muss das einfach umgesetzt werden, obwohl man als Designer vielleicht andere L\u00f6sungen vorziehen w\u00fcrde.<\/p>\n<p><strong><em>\u00abMan muss sich bewusst sein, dass man sich nicht immer kreativ ausleben kann. Man ist DienstleisterIn und macht das, was sich die KundInnen w\u00fcnschen, oder was unsere Firma pr\u00e4sentiert.\u00bb<\/em><\/strong><\/p>\n<p>Anderen AuftragstellerInnen \u00fcberlassen Nastasja viel mehr Entscheidungen. Dann werden verschiedene Ans\u00e4tze pr\u00e4sentiert und man ist in st\u00e4ndigem Austausch, um einen ganz eigenen Stil zu entwickeln.<\/p>\n<p>Nastasja arbeitet zu 90% mit Procreate, sp\u00e4ter werden die Inhalte dann mit Programmen wie Photoshop, Illustrator, After Effects aufgearbeitet und manchmal animiert.<\/p>\n<p>Aber sie illustriert nicht nur, sondern ist beteiligt an Konzeptentwicklung und dem ganzen Designprozess, denn es findet ein fliessender Wechsel zwischen Grafik und Illustration und viel Austausch im Team statt.<\/p>\n<p>Was Nastasja aber fehlt, ist das Zeichnen und Malen in der Freizeit und sie sitzt nicht gerne den ganzen Tag am Schreibtisch, sondern ist als Poledance-Trainerin \u00e4usserst sportbegeistert. Sie kann sich vorstellen, irgendwann eine andere Balance zwischen all ihren Interessen und zu finden. Aus ihren leidenschaftlichen Erz\u00e4hlungen \u00fcber spannende Projekte merke ich aber, dass sie sich da, wo sie ist, sehr wohl f\u00fchlt und ihren Weg geht, wo auch immer der sie hinf\u00fchren mag.<\/p>\n<p><a href=\"https:\/\/www.instagram.com\/nastja.illustration\/?hl=de\">https:\/\/www.instagram.com\/nastja.illustration\/?hl=de<\/a><\/p>\n<p><a href=\"https:\/\/nastasja.schefter.net\">https:\/\/nastasja.schefter.net<\/a><\/p>\n<figure id=\"attachment_2213\" aria-describedby=\"caption-attachment-2213\" style=\"width: 2560px\" class=\"wp-caption aligncenter\"><img loading=\"lazy\" decoding=\"async\" class=\"wp-image-2213 size-full\" src=\"https:\/\/blog.zhdk.ch\/praxisjournal\/files\/2023\/01\/Wimmelbild-Kopie-scaled.jpg\" alt=\"\" width=\"2560\" height=\"1811\" srcset=\"https:\/\/blog.zhdk.ch\/praxisjournal\/files\/2023\/01\/Wimmelbild-Kopie-scaled.jpg 2560w, https:\/\/blog.zhdk.ch\/praxisjournal\/files\/2023\/01\/Wimmelbild-Kopie-300x212.jpg 300w, https:\/\/blog.zhdk.ch\/praxisjournal\/files\/2023\/01\/Wimmelbild-Kopie-1024x724.jpg 1024w, https:\/\/blog.zhdk.ch\/praxisjournal\/files\/2023\/01\/Wimmelbild-Kopie-768x543.jpg 768w, https:\/\/blog.zhdk.ch\/praxisjournal\/files\/2023\/01\/Wimmelbild-Kopie-1536x1086.jpg 1536w, https:\/\/blog.zhdk.ch\/praxisjournal\/files\/2023\/01\/Wimmelbild-Kopie-2048x1449.jpg 2048w\" sizes=\"auto, (max-width: 2560px) 100vw, 2560px\" \/><figcaption id=\"caption-attachment-2213\" class=\"wp-caption-text\">Ein Wimmelbild f\u00fcr das Bundesamt f\u00fcr Sport<\/figcaption><\/figure>\n<p>&nbsp;<\/p>\n<figure id=\"attachment_2215\" aria-describedby=\"caption-attachment-2215\" style=\"width: 1832px\" class=\"wp-caption aligncenter\"><img loading=\"lazy\" decoding=\"async\" class=\"wp-image-2215 size-full\" src=\"https:\/\/blog.zhdk.ch\/praxisjournal\/files\/2023\/01\/2.-Pausenraum-mit-Fankurve-1.png\" alt=\"\" width=\"1832\" height=\"1374\" srcset=\"https:\/\/blog.zhdk.ch\/praxisjournal\/files\/2023\/01\/2.-Pausenraum-mit-Fankurve-1.png 1832w, https:\/\/blog.zhdk.ch\/praxisjournal\/files\/2023\/01\/2.-Pausenraum-mit-Fankurve-1-300x225.png 300w, https:\/\/blog.zhdk.ch\/praxisjournal\/files\/2023\/01\/2.-Pausenraum-mit-Fankurve-1-1024x768.png 1024w, https:\/\/blog.zhdk.ch\/praxisjournal\/files\/2023\/01\/2.-Pausenraum-mit-Fankurve-1-768x576.png 768w, https:\/\/blog.zhdk.ch\/praxisjournal\/files\/2023\/01\/2.-Pausenraum-mit-Fankurve-1-1536x1152.png 1536w\" sizes=\"auto, (max-width: 1832px) 100vw, 1832px\" \/><figcaption id=\"caption-attachment-2215\" class=\"wp-caption-text\">Der Pausenraum in der PSP-Gsch\u00e4ftsstelle Basel wurde mit einer Fankurve bemalt.<\/figcaption><\/figure>\n","protected":false},"excerpt":{"rendered":"<p>Beim Betreten des B\u00fcros h\u00f6re ich bereits ein angeregtes Gespr\u00e4ch, bevor ich Nastasja \u00fcberhaupt sehe. Sie ist mitten im Prozess der Webseitenerweiterung von Pikka, der Z\u00fcrcher Marken- und Designagentur bei der sie seit 2 Jahren arbeitet.\u00a0Sie f\u00fchrt mich aus dem hellen B\u00fcro in ein kleines Besprechungszimmer und beginnt zu erz\u00e4hlen. Nastasja Schefter wuchs in Rapperswil &hellip;<\/p>\n","protected":false},"author":6499,"featured_media":0,"comment_status":"closed","ping_status":"closed","sticky":false,"template":"","format":"standard","meta":{"footnotes":""},"categories":[1],"tags":[],"class_list":["post-2203","post","type-post","status-publish","format-standard","hentry","category-uncategorized"],"_links":{"self":[{"href":"https:\/\/blog.zhdk.ch\/praxisjournal\/wp-json\/wp\/v2\/posts\/2203","targetHints":{"allow":["GET"]}}],"collection":[{"href":"https:\/\/blog.zhdk.ch\/praxisjournal\/wp-json\/wp\/v2\/posts"}],"about":[{"href":"https:\/\/blog.zhdk.ch\/praxisjournal\/wp-json\/wp\/v2\/types\/post"}],"author":[{"embeddable":true,"href":"https:\/\/blog.zhdk.ch\/praxisjournal\/wp-json\/wp\/v2\/users\/6499"}],"replies":[{"embeddable":true,"href":"https:\/\/blog.zhdk.ch\/praxisjournal\/wp-json\/wp\/v2\/comments?post=2203"}],"version-history":[{"count":3,"href":"https:\/\/blog.zhdk.ch\/praxisjournal\/wp-json\/wp\/v2\/posts\/2203\/revisions"}],"predecessor-version":[{"id":2382,"href":"https:\/\/blog.zhdk.ch\/praxisjournal\/wp-json\/wp\/v2\/posts\/2203\/revisions\/2382"}],"wp:attachment":[{"href":"https:\/\/blog.zhdk.ch\/praxisjournal\/wp-json\/wp\/v2\/media?parent=2203"}],"wp:term":[{"taxonomy":"category","embeddable":true,"href":"https:\/\/blog.zhdk.ch\/praxisjournal\/wp-json\/wp\/v2\/categories?post=2203"},{"taxonomy":"post_tag","embeddable":true,"href":"https:\/\/blog.zhdk.ch\/praxisjournal\/wp-json\/wp\/v2\/tags?post=2203"}],"curies":[{"name":"wp","href":"https:\/\/api.w.org\/{rel}","templated":true}]}}