{"id":3300,"date":"2025-11-23T18:21:05","date_gmt":"2025-11-23T18:21:05","guid":{"rendered":"https:\/\/blog.zhdk.ch\/praxisjournal\/?p=3300"},"modified":"2025-11-23T18:21:05","modified_gmt":"2025-11-23T18:21:05","slug":"maurus-ambuehl","status":"publish","type":"post","link":"https:\/\/blog.zhdk.ch\/praxisjournal\/2025\/11\/23\/maurus-ambuehl\/","title":{"rendered":"Maurus Amb\u00fchl"},"content":{"rendered":"<figure id=\"attachment_3302\" aria-describedby=\"caption-attachment-3302\" style=\"width: 300px\" class=\"wp-caption alignnone\"><img loading=\"lazy\" decoding=\"async\" class=\"size-medium wp-image-3302\" src=\"https:\/\/blog.zhdk.ch\/praxisjournal\/files\/2025\/11\/maurusambuehl_qK4xHlyajHTEYcAz0zOL_1024x1024-300x287.jpg\" alt=\"Abb. 1 Illustration Maurus Amb\u00fchl\" width=\"300\" height=\"287\" srcset=\"https:\/\/blog.zhdk.ch\/praxisjournal\/files\/2025\/11\/maurusambuehl_qK4xHlyajHTEYcAz0zOL_1024x1024-300x287.jpg 300w, https:\/\/blog.zhdk.ch\/praxisjournal\/files\/2025\/11\/maurusambuehl_qK4xHlyajHTEYcAz0zOL_1024x1024-768x735.jpg 768w, https:\/\/blog.zhdk.ch\/praxisjournal\/files\/2025\/11\/maurusambuehl_qK4xHlyajHTEYcAz0zOL_1024x1024.jpg 1024w\" sizes=\"auto, (max-width: 300px) 100vw, 300px\" \/><figcaption id=\"caption-attachment-3302\" class=\"wp-caption-text\">Abb. 1 Illustration Maurus Amb\u00fchl<\/figcaption><\/figure>\n<h2>Maurus Amb\u00fchl<\/h2>\n<p style=\"font-weight: 400\">An einem Montagnachmittag stellte mir Maurus Amb\u00fchl seine Arbeit als selbstst\u00e4ndiger Illustrator per Zoom vor.<\/p>\n<p style=\"font-weight: 400\">Maurus Amb\u00fchl hat nach seiner Lehre als Polydesigner 3D ein Fine Arts Studium an der Z\u00fcrcher Hochschule der K\u00fcnste gemacht. \u00abDas Studium selbst war mega toll, es ist eine Auseinandersetzung mit der Welt und mit deiner Rolle darin, du lernst \u00fcber deine Arbeit zu reflektieren, diese zu sezieren. Du bist komplett frei, was du machst und wie du es machst. Das war sehr wertvoll.\u00bb<\/p>\n<h3>\u00abIllustration ist meine Leidenschaft\u00bb<\/h3>\n<p style=\"font-weight: 400\">Jetzt arbeitet er nebenbei als selbstst\u00e4ndiger Illustrator. Er hat sich bei Illustratoren Schweiz beworben, wo jetzt seine Arbeiten gezeigt werden. F\u00fcr seine Arbeiten verwendet er die Medien Aquarell und digitale Malerei. Wobei er f\u00fcr Auftragsarbeiten meistens aus zeittechnischen Gr\u00fcnden zweiteres verwendet. Seine Auftr\u00e4ge erhalte er oft \u00fcber die Webseite Illustratoren Schweiz. Bedeutsam sind f\u00fcr ihn anf\u00e4ngliche Kl\u00e4rungen: \u00abMir ist es sehr wichtig, gleich am Anfang alle Karten auf den Tisch zu legen, bez\u00fcglich was du kannst und was nicht, welche Vorstellungen sie und du haben. Das man abmacht, das sind eure W\u00fcnsche, und anhand von denen mach ich etwas. Aber irgendwann muss es Grenzen haben, denn irgendwo brauche ich auch meine k\u00fcnstlerische Freiheit. Und dass muss einfach im Vorhinein klar abgemacht sein.\u00bb Dann k\u00f6nne er sich dem Projekt so richtig widmen und zum Beispiel am Aufbau des Bildes arbeiten, mit dem er eine Dramaturgie entwickle, wie in seinen Urwald-Bildern \u00abDer unsichtbare Acangau\u00bb.<\/p>\n<figure id=\"attachment_3306\" aria-describedby=\"caption-attachment-3306\" style=\"width: 228px\" class=\"wp-caption alignnone\"><img loading=\"lazy\" decoding=\"async\" class=\"size-medium wp-image-3306\" src=\"https:\/\/blog.zhdk.ch\/praxisjournal\/files\/2025\/11\/maurusambuehl_ixzefrTlN1nZXCE8pv8X_1024x1024-228x300.jpg\" alt=\"Abb. 2 Illustration aus dem Projekt \u00abDer unsichtbare Acangau\u00bb\" width=\"228\" height=\"300\" srcset=\"https:\/\/blog.zhdk.ch\/praxisjournal\/files\/2025\/11\/maurusambuehl_ixzefrTlN1nZXCE8pv8X_1024x1024-228x300.jpg 228w, https:\/\/blog.zhdk.ch\/praxisjournal\/files\/2025\/11\/maurusambuehl_ixzefrTlN1nZXCE8pv8X_1024x1024-768x1011.jpg 768w, https:\/\/blog.zhdk.ch\/praxisjournal\/files\/2025\/11\/maurusambuehl_ixzefrTlN1nZXCE8pv8X_1024x1024.jpg 778w\" sizes=\"auto, (max-width: 228px) 100vw, 228px\" \/><figcaption id=\"caption-attachment-3306\" class=\"wp-caption-text\">Abb. 2 Illustration aus dem Projekt \u00abDer unsichtbare Acangau\u00bb<\/figcaption><\/figure>\n<p style=\"font-weight: 400\">Maurus Amb\u00fchl betonte selbst, dass das Illustrieren seine Leidenschaft ist, w\u00e4hrend b\u00fcrokratische Aufgaben nicht zu seinen Favoriten geh\u00f6ren: \u00abDas Zeichnen ist einfach cool, ich denke manchmal, wenn ich einen grossen Auftrag habe, bei dem man allein am Pult etwas zeichnen kann: Das ist echt toll. Weil zeichnen ist einfach meine Leidenschaft.\u00bb Dieser Aspekt kam im ganzen Gespr\u00e4ch immer wieder auf, was mir zeigte, dass das f\u00fcr ihn ganz wesentlich in seinem kreativen Prozess ist.<\/p>\n<h3>Freude als Motivation<\/h3>\n<p style=\"font-weight: 400\">In der Mitte des Gespr\u00e4chs sind wir dann beide in die ganze Thematik der KI versunken und haben uns \u00fcber unsere pers\u00f6nlichen Ansichten bez\u00fcglich dies unterhalten. Als er zum ersten Mal vom ganzen Thema geh\u00f6rt habe, seien sie alle zuerst mal im Schock gewesen. Und auch jetzt, meinte er, zuerst w\u00fcrden die Bilder gut wirken, aber in der ganzen Komplexit\u00e4t fehle es noch an Pr\u00e4zision.<\/p>\n<p style=\"font-weight: 400\">Im Gespr\u00e4ch ging es lange vor allem um das Sichtbarmachen der eigenen Arbeiten und \u00fcber Erfolg bzw. Freude als Motivation. Maurus Amb\u00fchl wirft einen kritischen Blick auf KI und Instagram. Seiner Meinung nach werden Dinge oft einfach schnell weitergeklickt und man wisse nicht, wo welche Inhalte bez\u00fcglich KI-Nutzung landen w\u00fcrden. Deshalb verwendet er auch kein Instagram mehr, weil es seine Kreativit\u00e4t ausgebremst hat. \u00abDie Plattformen und das Streben nach irgendwelchem Erfolg, der abh\u00e4ngig ist von anderen, das ist die falsche Motivation. Ich finde, dass du es wirklich letztendlich f\u00fcr dich machen musst, so dass es dich erf\u00fcllt, dass du Freude an der Arbeit selbst hast.\u00bb Ich fand es sch\u00f6n zu sehen, dass sein eigenes Wohlbefinden ihm sehr wichtig zu sein scheint, was enorm nachvollziehbar ist, weil wir Illustrator*innen nicht Maschinen sind, die einfach produzieren, sondern erst mit Kreativit\u00e4t und Zeit Neues entstehen lassen k\u00f6nnen.<\/p>\n<p style=\"font-weight: 400\">\u00abIch ziehe mich recht zur\u00fcck vom ganzen Digitalen [Ver\u00f6ffentlichen], weil es auch so \u00fcberflutet ist. Je l\u00e4nger, je mehr geht alles verloren.\u00bb Er meinte, er w\u00fcrde sich viel mehr freuen, seine Arbeit zum Beispiel in einer kleinen Galerie zu zeigen oder mit dem n\u00e4chsten Umfeld die Bilder anzuschauen. \u00abOder einfach f\u00fcr dich.\u00bb<\/p>\n<p style=\"font-weight: 400\">Danke, Maurus, f\u00fcr den spannenden Austausch und dass du dir Zeit genommen hast, mir einen Einblick in dein Arbeiten zu geben.<\/p>\n<figure id=\"attachment_3304\" aria-describedby=\"caption-attachment-3304\" style=\"width: 212px\" class=\"wp-caption alignnone\"><img loading=\"lazy\" decoding=\"async\" class=\"size-medium wp-image-3304\" src=\"https:\/\/blog.zhdk.ch\/praxisjournal\/files\/2025\/11\/maurusambuehl_AhLzOpktyIfZSFkIsffj_1024x1024-212x300.jpg\" alt=\"\" width=\"212\" height=\"300\" srcset=\"https:\/\/blog.zhdk.ch\/praxisjournal\/files\/2025\/11\/maurusambuehl_AhLzOpktyIfZSFkIsffj_1024x1024-212x300.jpg 212w, https:\/\/blog.zhdk.ch\/praxisjournal\/files\/2025\/11\/maurusambuehl_AhLzOpktyIfZSFkIsffj_1024x1024.jpg 722w\" sizes=\"auto, (max-width: 212px) 100vw, 212px\" \/><figcaption id=\"caption-attachment-3304\" class=\"wp-caption-text\">Abb. 3 Illustration aus dem Projekt \u00abJa zur Initiative gegen Massentierhaltung\u00bb<\/figcaption><\/figure>\n","protected":false},"excerpt":{"rendered":"<p>Maurus Amb\u00fchl An einem Montagnachmittag stellte mir Maurus Amb\u00fchl seine Arbeit als selbstst\u00e4ndiger Illustrator per Zoom vor. Maurus Amb\u00fchl hat nach seiner Lehre als Polydesigner 3D ein Fine Arts Studium an der Z\u00fcrcher Hochschule der K\u00fcnste gemacht. \u00abDas Studium selbst war mega toll, es ist eine Auseinandersetzung mit der Welt und mit deiner Rolle darin, &hellip;<\/p>\n","protected":false},"author":6929,"featured_media":0,"comment_status":"closed","ping_status":"closed","sticky":false,"template":"","format":"standard","meta":{"footnotes":""},"categories":[1],"tags":[],"class_list":["post-3300","post","type-post","status-publish","format-standard","hentry","category-uncategorized"],"_links":{"self":[{"href":"https:\/\/blog.zhdk.ch\/praxisjournal\/wp-json\/wp\/v2\/posts\/3300","targetHints":{"allow":["GET"]}}],"collection":[{"href":"https:\/\/blog.zhdk.ch\/praxisjournal\/wp-json\/wp\/v2\/posts"}],"about":[{"href":"https:\/\/blog.zhdk.ch\/praxisjournal\/wp-json\/wp\/v2\/types\/post"}],"author":[{"embeddable":true,"href":"https:\/\/blog.zhdk.ch\/praxisjournal\/wp-json\/wp\/v2\/users\/6929"}],"replies":[{"embeddable":true,"href":"https:\/\/blog.zhdk.ch\/praxisjournal\/wp-json\/wp\/v2\/comments?post=3300"}],"version-history":[{"count":4,"href":"https:\/\/blog.zhdk.ch\/praxisjournal\/wp-json\/wp\/v2\/posts\/3300\/revisions"}],"predecessor-version":[{"id":3314,"href":"https:\/\/blog.zhdk.ch\/praxisjournal\/wp-json\/wp\/v2\/posts\/3300\/revisions\/3314"}],"wp:attachment":[{"href":"https:\/\/blog.zhdk.ch\/praxisjournal\/wp-json\/wp\/v2\/media?parent=3300"}],"wp:term":[{"taxonomy":"category","embeddable":true,"href":"https:\/\/blog.zhdk.ch\/praxisjournal\/wp-json\/wp\/v2\/categories?post=3300"},{"taxonomy":"post_tag","embeddable":true,"href":"https:\/\/blog.zhdk.ch\/praxisjournal\/wp-json\/wp\/v2\/tags?post=3300"}],"curies":[{"name":"wp","href":"https:\/\/api.w.org\/{rel}","templated":true}]}}