{"id":425,"date":"2018-01-18T20:57:10","date_gmt":"2018-01-18T20:57:10","guid":{"rendered":"https:\/\/blog.zhdk.ch\/praxisjournal\/?p=425"},"modified":"2018-01-18T21:08:00","modified_gmt":"2018-01-18T21:08:00","slug":"interview-mit-patrick-graf","status":"publish","type":"post","link":"https:\/\/blog.zhdk.ch\/praxisjournal\/2018\/01\/18\/interview-mit-patrick-graf\/","title":{"rendered":"Interview mit Patrick Graf"},"content":{"rendered":"<p>Patrick Graf arbeitet als Animator, Illustrator und Director in Z\u00fcrich. Er animierte unteranderem die Graub\u00fcnden Steinb\u00f6cke sowie den sprechenden Uhu &#8222;Uhu-Schuhe&#8220; aus dem Film &#8222;Das kleine Gespenst&#8220;.<\/p>\n<p>Nach der Oberstufe besuchte er den Vorkurs an der damaligen Hochschule der Gestaltung und Kunst. 1997 schloss er die Ausbildung als Wissenschaftlicher Zeichner in Z\u00fcrich ab.\u00a0Er wollte im Studium vor allem die Basis-Techniken erlernen. Seinen Focus setzte er auf die menschliche Anatomie und die Bildkomposition. Dieses Basiswissen ist ihm heute noch f\u00fcr die meisten seiner Arbeiten behilflich. Anders sah es damals im Digitalbereich aus. Obwohl ein Computer an der HGKZ vorhanden war, musste er sich jegliches Wissen und K\u00f6nnen im Verlaufe der Jahre selbst aneignen.<\/p>\n<p>Nach seiner ersten Stelle als Illustrator bei Bioengineering und Habegger, bewarb er sich bei der Postproduktion \u201eTreibhaus AG\u201c. Dort arbeitete er sieben Jahre lang als General Artist. \u00dcber die Jahre hinweg eignete er sich Wissen \u00fcber Pre- und Postproduktion in Werbung und Film an. Anschliessend gr\u00fcndete er mit zehn weiteren CG-Artist &#8222;Elefant Studios AG&#8220;. Urspr\u00fcnglich ein Gemeinschaftsatelier, welches sich vom Label zu einer Firma mit internationalem Ansehen entwickelte. Heute arbeitet er in einem CG-Artist-Colective, \u201ePULK\u201c bestehend aus zehn freischaffenden Freelancern, welche haupts\u00e4chlich in Werbung und Film t\u00e4tig sind.<\/p>\n<p>Um sich ein Standbein in der schweizerischen Werbe- und Kulturszene zu verschaffen empfiehlt er die Akquise mit Agenturen und Produktionen. Viele seiner heutigen Kunden kennen ihn aus fr\u00fcherer Zusammenarbeit. Erg\u00e4nzt werden diese durch Auftraggeber die \u00fcber sein Netzwerk oder Webseite Kontakt zu ihm finden\/suchen.<\/p>\n<p>Die Vielfalt seiner T\u00e4tigkeit begr\u00fcndet er dadurch, dass er als Character-Animator alleine nicht \u00fcberleben k\u00f6nnte. Der schweizerische Werbe- und Film-Markt bietet zu wenig Auftr\u00e4ge um als Character-Animator zu existieren. Die Abwechslung zwischen Illustration und Animation bietet ein breiteres Spektrum.<\/p>\n<p>Patrick hat sich \u00fcber die Jahre hinweg einen total digitalen Workflow angeeignet. Seine Arbeiten kreiert er vom Konzept bis hin zur Umsetzung an einem Wacom Tablet. Mit analogen Medien arbeitet er kaum noch. F\u00fcr die Bildbearbeitung seiner Illustrationen verwendet er Adobe Photoshop. Tools wie Photoshop oder ToonBoom Harmony ben\u00fctzt er f\u00fcr die traditionelle 2D Animation. In der 3D-Animation arbeitet er mit Autodesk Maya.<\/p>\n<p>Projekte an denen er von A bis Z mitarbeitet und viele Entscheidungen selber f\u00e4llen darf, gefallen ihm am besten. Der Werbefilm f\u00fcr das \u201eFilm- und Medienf\u00f6rderungsgesetz\u201c geh\u00f6rt zu seinen vorzeige Projekten. Filme sind aber langlebiger als Werbungauftr\u00e4ge. Deswegen schaut er auch gerne auf die Mitarbeit am Film \u201eDas kleine Gespenst\u201c zur\u00fcck.<\/p>\n<p>Aktuell arbeitet er neben Kunden Auftr\u00e4gen auch an einem eigenen Projekt. Die Comicserie &#8222;The Galactic Senate&#8220; ist in Bearbeitung. F\u00fcr seine berufliche Zukunft w\u00fcnscht er sich eine gr\u00f6ssere Auswahl an kompletten Animations-Auftr\u00e4gen von Konzept bis hin zur Umsetzung.<\/p>\n<p>Berufseinsteigern empfiehlt er bereits w\u00e4hrend dem Studium: \u201e\u00dcben, \u00dcben, \u00dcben, auf Akquise gehen und viel Eigeninitiative.\u201c<\/p>\n<p><a href=\"http:\/\/www.patrickgraf.ch\">www.patrickgraf.ch<\/a><\/p>\n<p><a href=\"http:\/\/www.pulk.co\/\">http:\/\/w<\/a><a href=\"http:\/\/www.pulk.co\/\">ww.pulk.co\/<\/a><\/p>\n<p><a href=\"http:\/\/www.the-galactic-senate.com\/\">http:\/\/www.the-galactic-senate.com\/<\/a><\/p>\n","protected":false},"excerpt":{"rendered":"<p>Patrick Graf arbeitet als Animator, Illustrator und Director in Z\u00fcrich. Er animierte unteranderem die Graub\u00fcnden Steinb\u00f6cke sowie den sprechenden Uhu &#8222;Uhu-Schuhe&#8220; aus dem Film &#8222;Das kleine Gespenst&#8220;. Nach der Oberstufe besuchte er den Vorkurs an der damaligen Hochschule der Gestaltung und Kunst. 1997 schloss er die Ausbildung als Wissenschaftlicher Zeichner in Z\u00fcrich ab.\u00a0Er wollte im &hellip;<\/p>\n","protected":false},"author":3787,"featured_media":427,"comment_status":"open","ping_status":"open","sticky":false,"template":"","format":"standard","meta":{"footnotes":""},"categories":[1],"tags":[],"class_list":["post-425","post","type-post","status-publish","format-standard","has-post-thumbnail","hentry","category-uncategorized"],"_links":{"self":[{"href":"https:\/\/blog.zhdk.ch\/praxisjournal\/wp-json\/wp\/v2\/posts\/425","targetHints":{"allow":["GET"]}}],"collection":[{"href":"https:\/\/blog.zhdk.ch\/praxisjournal\/wp-json\/wp\/v2\/posts"}],"about":[{"href":"https:\/\/blog.zhdk.ch\/praxisjournal\/wp-json\/wp\/v2\/types\/post"}],"author":[{"embeddable":true,"href":"https:\/\/blog.zhdk.ch\/praxisjournal\/wp-json\/wp\/v2\/users\/3787"}],"replies":[{"embeddable":true,"href":"https:\/\/blog.zhdk.ch\/praxisjournal\/wp-json\/wp\/v2\/comments?post=425"}],"version-history":[{"count":7,"href":"https:\/\/blog.zhdk.ch\/praxisjournal\/wp-json\/wp\/v2\/posts\/425\/revisions"}],"predecessor-version":[{"id":441,"href":"https:\/\/blog.zhdk.ch\/praxisjournal\/wp-json\/wp\/v2\/posts\/425\/revisions\/441"}],"wp:featuredmedia":[{"embeddable":true,"href":"https:\/\/blog.zhdk.ch\/praxisjournal\/wp-json\/wp\/v2\/media\/427"}],"wp:attachment":[{"href":"https:\/\/blog.zhdk.ch\/praxisjournal\/wp-json\/wp\/v2\/media?parent=425"}],"wp:term":[{"taxonomy":"category","embeddable":true,"href":"https:\/\/blog.zhdk.ch\/praxisjournal\/wp-json\/wp\/v2\/categories?post=425"},{"taxonomy":"post_tag","embeddable":true,"href":"https:\/\/blog.zhdk.ch\/praxisjournal\/wp-json\/wp\/v2\/tags?post=425"}],"curies":[{"name":"wp","href":"https:\/\/api.w.org\/{rel}","templated":true}]}}