{"id":563,"date":"2018-02-15T10:30:39","date_gmt":"2018-02-15T10:30:39","guid":{"rendered":"https:\/\/blog.zhdk.ch\/praxisjournal\/?p=563"},"modified":"2018-02-15T10:30:39","modified_gmt":"2018-02-15T10:30:39","slug":"interview-mit-sibylle-heusser","status":"publish","type":"post","link":"https:\/\/blog.zhdk.ch\/praxisjournal\/2018\/02\/15\/interview-mit-sibylle-heusser\/","title":{"rendered":"Interview mit Sibylle Heusser"},"content":{"rendered":"<p><img loading=\"lazy\" decoding=\"async\" class=\"alignnone size-medium wp-image-565\" src=\"https:\/\/blog.zhdk.ch\/praxisjournal\/files\/2018\/02\/kern-pudel-sibylle-heusser-300x235.jpg\" alt=\"\" width=\"300\" height=\"235\" srcset=\"https:\/\/blog.zhdk.ch\/praxisjournal\/files\/2018\/02\/kern-pudel-sibylle-heusser-300x235.jpg 300w, https:\/\/blog.zhdk.ch\/praxisjournal\/files\/2018\/02\/kern-pudel-sibylle-heusser-768x602.jpg 768w, https:\/\/blog.zhdk.ch\/praxisjournal\/files\/2018\/02\/kern-pudel-sibylle-heusser-1024x803.jpg 1024w\" sizes=\"auto, (max-width: 300px) 100vw, 300px\" \/><\/p>\n<p>Das liebliche Atelier an der Magnusstrasse in Z\u00fcrich bietet Raum f\u00fcr Sibylle Heusser und ihren Arbeitskollegen Marcus Moser. Die beiden teilen sich die R\u00e4umlichkeiten mit dem Atelier \u201aBunter Hund\u2019 und mit Olivia Aloisi. Man k\u00f6nnte meinen es werde ein wenig eng, da sie nun auch noch zwei Mitarbeiter angestellt haben (Ursina B\u00e4rtschi und Gregor Forster), aber Sibylle erz\u00e4hlt mir von dem bereichernden Austausch, der zwischen den Menschen dort stattfindet und dabei hilft, die eigene Arbeit besser zu reflektieren. \u201eDas ist auch bei der Zusammenarbeit mit Ursina und Gregor so\u201c erz\u00e4hlt sie mir \u201eDamit wir die Auftr\u00e4ge gut untereinander aufteilen k\u00f6nnen, m\u00fcssen wir formulieren k\u00f6nnen wie genau wir uns das Resultat vorstellen, und m\u00fcssen uns so auch bewusst sein warum wir diese Vorstellung haben\u201c. Es sei insgesamt eine grosse Entlastung noch mehr kreative, geschickte H\u00e4nde an den Auftr\u00e4gen von Oculus arbeiten zu lassen, jedoch braucht es auch mehr Vorbereitung und Koordination. Und nat\u00fcrlich muss man die speziellen F\u00e4higkeiten und Vorlieben der anderen kennen.<\/p>\n<p>Sibylle hat mit Marcus studiert und beide haben gleich anschliessend mit noch weiteren Ehemaligen ein gemeinsames Atelier belebt. Dort arbeiteten alle an Ihren eigenen Projekten aber auch schon an Auftr\u00e4gen.<\/p>\n<p>\u201eIch hatte das Gl\u00fcck, in der Zeit bei der Kantonsarch\u00e4ologie angestellt zu sein, so konnte ich mir die Zeit nach dem Studium finanzieren\u201c. Sie hatte 13 Jahre Teilzeit dort gearbeitet, aber jetzt ist sie schon seit 8 Jahren zu 100% selbstst\u00e4ndig. Als ich sie frage, weshalb sie nicht mehr angestellt sei, antwortet sie mir \u201eDie Anstellung hat mir gefallen und ich war sehr froh um ein festes Standbein in der Arbeitswelt. Aber nach so einer langen Zeit wollte ich wieder Neues kennenlernen und als das Atelier hier gut lief, entschied ich mich zu gehen.\u201c<\/p>\n<p>Jetzt arbeitet sie meist an 3 Projekten gleichzeitig. Der w\u00f6chentliche Auftrag der Coop-Zeitung, einige Arbeiten mit zeitnahen Abgabeterminen zwischendurch und dann noch die grossen Projekte.<\/p>\n<p>Auf meine erstaunte Frage, ob das nicht sehr anstrengend sei, sich auf so vieles zu konzentrieren muss sie etwas lachen \u201eNein- ich finde es erholsam nicht immer das gleiche machen zu m\u00fcssen! Wenn ich irgendwo nicht weiterkomme und eine Pause brauche, oder mehr Lust auf das andere Projekt habe wechsle ich- und meist klappt das sehr gut.\u201c<\/p>\n<p>Seit drei bis vier Jahren hat sie auch ein kleines eigenes Projekt am Laufen: sie macht jede Woche eine freie Skizze und eine davon ist das Titelbild dieses Eintrags geworden.<\/p>\n<p><a href=\"http:\/\/www.atelier-oculus.ch\/index.html\">http:\/\/www.atelier-oculus.ch\/index.html<\/a><\/p>\n<p>&nbsp;<\/p>\n<p>&nbsp;<\/p>\n","protected":false},"excerpt":{"rendered":"<p>Das liebliche Atelier an der Magnusstrasse in Z\u00fcrich bietet Raum f\u00fcr Sibylle Heusser und ihren Arbeitskollegen Marcus Moser. Die beiden teilen sich die R\u00e4umlichkeiten mit dem Atelier \u201aBunter Hund\u2019 und mit Olivia Aloisi. Man k\u00f6nnte meinen es werde ein wenig eng, da sie nun auch noch zwei Mitarbeiter angestellt haben (Ursina B\u00e4rtschi und Gregor Forster), &hellip;<\/p>\n","protected":false},"author":3791,"featured_media":0,"comment_status":"open","ping_status":"open","sticky":false,"template":"","format":"standard","meta":{"footnotes":""},"categories":[1],"tags":[],"class_list":["post-563","post","type-post","status-publish","format-standard","hentry","category-uncategorized"],"_links":{"self":[{"href":"https:\/\/blog.zhdk.ch\/praxisjournal\/wp-json\/wp\/v2\/posts\/563","targetHints":{"allow":["GET"]}}],"collection":[{"href":"https:\/\/blog.zhdk.ch\/praxisjournal\/wp-json\/wp\/v2\/posts"}],"about":[{"href":"https:\/\/blog.zhdk.ch\/praxisjournal\/wp-json\/wp\/v2\/types\/post"}],"author":[{"embeddable":true,"href":"https:\/\/blog.zhdk.ch\/praxisjournal\/wp-json\/wp\/v2\/users\/3791"}],"replies":[{"embeddable":true,"href":"https:\/\/blog.zhdk.ch\/praxisjournal\/wp-json\/wp\/v2\/comments?post=563"}],"version-history":[{"count":1,"href":"https:\/\/blog.zhdk.ch\/praxisjournal\/wp-json\/wp\/v2\/posts\/563\/revisions"}],"predecessor-version":[{"id":567,"href":"https:\/\/blog.zhdk.ch\/praxisjournal\/wp-json\/wp\/v2\/posts\/563\/revisions\/567"}],"wp:attachment":[{"href":"https:\/\/blog.zhdk.ch\/praxisjournal\/wp-json\/wp\/v2\/media?parent=563"}],"wp:term":[{"taxonomy":"category","embeddable":true,"href":"https:\/\/blog.zhdk.ch\/praxisjournal\/wp-json\/wp\/v2\/categories?post=563"},{"taxonomy":"post_tag","embeddable":true,"href":"https:\/\/blog.zhdk.ch\/praxisjournal\/wp-json\/wp\/v2\/tags?post=563"}],"curies":[{"name":"wp","href":"https:\/\/api.w.org\/{rel}","templated":true}]}}