{"id":573,"date":"2018-03-25T15:39:32","date_gmt":"2018-03-25T15:39:32","guid":{"rendered":"https:\/\/blog.zhdk.ch\/praxisjournal\/?p=573"},"modified":"2018-03-25T15:39:32","modified_gmt":"2018-03-25T15:39:32","slug":"interview-mit-stephan-kuhn-und-eloisa-aldomar","status":"publish","type":"post","link":"https:\/\/blog.zhdk.ch\/praxisjournal\/2018\/03\/25\/interview-mit-stephan-kuhn-und-eloisa-aldomar\/","title":{"rendered":"Interview mit Stephan Kuhn und Eloisa Aldomar"},"content":{"rendered":"<p>Im Dezember 2017 durfte ich mit zwei wunderbaren und sehr unterschiedlichen Illustratoren ein Interview f\u00fchren und sie in ihrem Gestaltungsumfeld besuchen.Die Begeisterung war gross eine frisch gebackene wissenschaftliche Illustratorin und einen erfahrenen freien Illustrator \u00fcber deren Erfahrungen und Meinungen zu befragen. Gerne stelle ich euch beide zuerst vor.<\/p>\n<h5>Stephan Kuhn-Selbstst\u00e4ndiger freier Illustrator<\/h5>\n<h5>\u00a0 \u00a0 \u00a0 \u00a0 \u00a0 \u00a0 \u00a0 \u00a0 \u00a0 \u00a0\u00a0<img loading=\"lazy\" decoding=\"async\" class=\"alignnone size-medium wp-image-587\" src=\"https:\/\/blog.zhdk.ch\/praxisjournal\/files\/2018\/03\/Bildschirmfoto-2018-03-25-um-17.32.03-300x104.png\" alt=\"\" width=\"300\" height=\"104\" srcset=\"https:\/\/blog.zhdk.ch\/praxisjournal\/files\/2018\/03\/Bildschirmfoto-2018-03-25-um-17.32.03-300x104.png 300w, https:\/\/blog.zhdk.ch\/praxisjournal\/files\/2018\/03\/Bildschirmfoto-2018-03-25-um-17.32.03-768x266.png 768w, https:\/\/blog.zhdk.ch\/praxisjournal\/files\/2018\/03\/Bildschirmfoto-2018-03-25-um-17.32.03-1024x354.png 1024w\" sizes=\"auto, (max-width: 300px) 100vw, 300px\" \/><\/h5>\n<p>Stephan ist f\u00fcr mich der Inbegriff eines Illustrators. Er begr\u00fcsste mich mit seinen zusammengebundenen schulterlangen Haaren und einem Kaffee herzlichst in seinem Atelier in Eglisau. Die Begeisterung f\u00fcr Kunst ist f\u00f6rmlich im ganzen Raum zu sp\u00fcren. Das Atelier ist nicht nur mit einem B\u00fcchergestell und aufget\u00fcrmten B\u00fcchert\u00fcrmen geschm\u00fcckt, sondern auch mit faszinieren Bildern an der Wand. Mit einem witzigen Grinsen meint er: \u201eDie grossen Bilder seinen von ihm die kleinen von den guten K\u00fcnstlern.\u201c Das bequeme Sofa l\u00e4sst darauf schliessen, dass er das Illustrieren liebt und lebt bis sp\u00e4t in die Nacht hinein.\u00a0Stephan hat schon seit Kindesbeinen an nur das Zeichnen im Kopf. Von Indianern und Cowboys bis zu Superhelden, Motorr\u00e4der, Frauen. \u00dcber einen Vorkurs ist er zur gestalterischen Ausbildung als Retoucheur gekommen. Nach der Weltreise mit seiner jetzigen Frau Pascale hat er in seinem Beruf gearbeitet und sich wichtige Kontakte aufgebaut. Er machte sich selbstst\u00e4ndig und er\u00f6ffnete ein eigenes Atelier im Niederdorf in Z\u00fcrich.<\/p>\n<p><img loading=\"lazy\" decoding=\"async\" class=\"alignnone size-medium wp-image-585\" src=\"https:\/\/blog.zhdk.ch\/praxisjournal\/files\/2018\/03\/Bildschirmfoto-2018-03-25-um-17.32.23-222x300.png\" alt=\"\" width=\"222\" height=\"300\" srcset=\"https:\/\/blog.zhdk.ch\/praxisjournal\/files\/2018\/03\/Bildschirmfoto-2018-03-25-um-17.32.23-222x300.png 222w, https:\/\/blog.zhdk.ch\/praxisjournal\/files\/2018\/03\/Bildschirmfoto-2018-03-25-um-17.32.23-768x1038.png 768w, https:\/\/blog.zhdk.ch\/praxisjournal\/files\/2018\/03\/Bildschirmfoto-2018-03-25-um-17.32.23-757x1024.png 757w, https:\/\/blog.zhdk.ch\/praxisjournal\/files\/2018\/03\/Bildschirmfoto-2018-03-25-um-17.32.23.png 1256w\" sizes=\"auto, (max-width: 222px) 100vw, 222px\" \/><\/p>\n<h5>Eloisa Aldomar-Absolventin des Bachelors in Scientific Visualization<\/h5>\n<h5>\u00a0 \u00a0 \u00a0 \u00a0 \u00a0 \u00a0 \u00a0 \u00a0 \u00a0 \u00a0 \u00a0 \u00a0 \u00a0 \u00a0<img loading=\"lazy\" decoding=\"async\" class=\"alignnone size-medium wp-image-581\" src=\"https:\/\/blog.zhdk.ch\/praxisjournal\/files\/2018\/03\/knowledge-visualization-kfonucag.1600x0-300x201.jpg\" alt=\"\" width=\"300\" height=\"201\" srcset=\"https:\/\/blog.zhdk.ch\/praxisjournal\/files\/2018\/03\/knowledge-visualization-kfonucag.1600x0-300x201.jpg 300w, https:\/\/blog.zhdk.ch\/praxisjournal\/files\/2018\/03\/knowledge-visualization-kfonucag.1600x0-768x515.jpg 768w, https:\/\/blog.zhdk.ch\/praxisjournal\/files\/2018\/03\/knowledge-visualization-kfonucag.1600x0-1024x686.jpg 1024w, https:\/\/blog.zhdk.ch\/praxisjournal\/files\/2018\/03\/knowledge-visualization-kfonucag.1600x0.jpg 1600w\" sizes=\"auto, (max-width: 300px) 100vw, 300px\" \/><\/h5>\n<p>Meine Hochachtung hat sich Eloisa nicht nur mit ihrer faszinierenden und interessanten Bachelorarbeit Post Mortem verdient mehr noch mit Ihrem strahlenden herzlichen Gem\u00fct. Die gleichzeitig schockierende Dramatik und anmutende \u00c4sthetik ihrer Bachelorarbeit l\u00e4sst Eloisa den diesj\u00e4hrigen F\u00f6rderpreis gewinnen. Die gelernte Informatikerin habe ich im Toni-Areal in der ZHDK getroffen wo sie ihren Neustart im Bereich Design vor 3 Jahren gewagt hat und ihn nun im Masterstudium Knowledge Visualization noch weiter ausbaut.<\/p>\n<p><img loading=\"lazy\" decoding=\"async\" class=\"alignnone size-medium wp-image-583\" src=\"https:\/\/blog.zhdk.ch\/praxisjournal\/files\/2018\/03\/Bildschirmfoto-2018-03-25-um-17.32.42-209x300.png\" alt=\"\" width=\"209\" height=\"300\" srcset=\"https:\/\/blog.zhdk.ch\/praxisjournal\/files\/2018\/03\/Bildschirmfoto-2018-03-25-um-17.32.42-209x300.png 209w, https:\/\/blog.zhdk.ch\/praxisjournal\/files\/2018\/03\/Bildschirmfoto-2018-03-25-um-17.32.42-768x1104.png 768w, https:\/\/blog.zhdk.ch\/praxisjournal\/files\/2018\/03\/Bildschirmfoto-2018-03-25-um-17.32.42-713x1024.png 713w, https:\/\/blog.zhdk.ch\/praxisjournal\/files\/2018\/03\/Bildschirmfoto-2018-03-25-um-17.32.42.png 1208w\" sizes=\"auto, (max-width: 209px) 100vw, 209px\" \/><\/p>\n<p>Stephan und Eloisa haben das Privileg ihren Arbeitstag selber zu gestalten.\u00a0Nebenbei widmet sie sich ihren aufgeschobenen privaten Pendenzen als auch ihrer anderen Leidenschaft, dem N\u00e4hen. Stephan geniesst es selbst\u00e4ndig seinen Alltag mit Fixterminen von Kunden oder \u201eZmittags-meetings\u201c zu bestimmen. Momentan arbeitet er an einer eigenen Schaufenstergestaltung und an einem Auftrag der Luzerner Kantonalbank.\u00a0Frage bringt ein eigener Stil Vorteile?\u00a0Stephan muss sich nicht \u00fcber einen Stil definieren. F\u00fcr ihn sind Handschrift und Flexibilit\u00e4t in seinem Beruf sehr wichtig. Eloisa ist der Meinung, dass ein eigener Stil sehr wichtig ist, wie zum Beispiel auf der eigenen Webseite. Sie hat die Erfahrung gemacht, dass Kunden meist mit eigenen Vorstellungen kommen und sich mit der gesehenen Arbeit identifizieren m\u00f6chten. Beide sind der Meinung, dass es nicht nur eine Frage des Talentes sondern auch Hingabe und \u00dcbung wichtige Faktoren sind. Ohne Fleiss kein Preis.\u00a0Pure Faszination versp\u00fcrte ich bei beiden, als ich sie nach Ihren Vorbildern oder Lieblings-Illustrationen befragte. Eloisa hat zwar keine Vorbilder, aber liebt die Studienbl\u00e4tter von dem Modul Analytisches Zeichnen. Sie bewundert heute noch, wie sehr man etwas so genau mit dem Werkzeug Zeichnen erkunden kann. F\u00fcr Stefan gibt es nicht nur einen Illustrator. Es gibt immer wieder Bilder oder Illustratoren die ihn total \u201eumhauen\u201c. Es war wundersch\u00f6n ihm dabei zu zuh\u00f6ren, mit welcher Begeisterung er von anderen K\u00fcnstlern sprach. Er besuchte sogar nur auf Grund einer Ausstellung einen K\u00fcnstler in San Franzisco.\u00a0Das Einschneidenste beider Karrieren war ein Richtungswechsel. Bei Eloisa war es der neue Weg in die Welt des Designs und bei Stephan der Schritt zur beruflichen Selbstst\u00e4ndigkeit.\u00a0Zum Schluss habe ich sie noch beide um Tipps und Tricks f\u00fcr meinen weiteren Weg gebeten.<\/p>\n<p>Eloisa: ,,Geniesse die drei Jahre Studium in vollen Z\u00fcgen und lass dich nicht von Zukunftsperspektiven stressen.\u201c<\/p>\n<p>Stephan lacht und meint: \u201eWird auf keinen Fall Illustratorin! Als Illustrator gibt es keine Sicherheit: So fr\u00fch wie ich begonnen habe zu zeichnen so sp\u00e4t werde ich auch damit aufh\u00f6ren. Nein, mach einfach genau DEIN Ding und h\u00f6r nur auf DICH!\u201c<\/p>\n<p>&nbsp;<\/p>\n","protected":false},"excerpt":{"rendered":"<p>Im Dezember 2017 durfte ich mit zwei wunderbaren und sehr unterschiedlichen Illustratoren ein Interview f\u00fchren und sie in ihrem Gestaltungsumfeld besuchen.Die Begeisterung war gross eine frisch gebackene wissenschaftliche Illustratorin und einen erfahrenen freien Illustrator \u00fcber deren Erfahrungen und Meinungen zu befragen. Gerne stelle ich euch beide zuerst vor. Stephan Kuhn-Selbstst\u00e4ndiger freier Illustrator \u00a0 \u00a0 \u00a0 &hellip;<\/p>\n","protected":false},"author":3777,"featured_media":0,"comment_status":"open","ping_status":"open","sticky":false,"template":"","format":"standard","meta":{"footnotes":""},"categories":[1],"tags":[],"class_list":["post-573","post","type-post","status-publish","format-standard","hentry","category-uncategorized"],"_links":{"self":[{"href":"https:\/\/blog.zhdk.ch\/praxisjournal\/wp-json\/wp\/v2\/posts\/573","targetHints":{"allow":["GET"]}}],"collection":[{"href":"https:\/\/blog.zhdk.ch\/praxisjournal\/wp-json\/wp\/v2\/posts"}],"about":[{"href":"https:\/\/blog.zhdk.ch\/praxisjournal\/wp-json\/wp\/v2\/types\/post"}],"author":[{"embeddable":true,"href":"https:\/\/blog.zhdk.ch\/praxisjournal\/wp-json\/wp\/v2\/users\/3777"}],"replies":[{"embeddable":true,"href":"https:\/\/blog.zhdk.ch\/praxisjournal\/wp-json\/wp\/v2\/comments?post=573"}],"version-history":[{"count":2,"href":"https:\/\/blog.zhdk.ch\/praxisjournal\/wp-json\/wp\/v2\/posts\/573\/revisions"}],"predecessor-version":[{"id":591,"href":"https:\/\/blog.zhdk.ch\/praxisjournal\/wp-json\/wp\/v2\/posts\/573\/revisions\/591"}],"wp:attachment":[{"href":"https:\/\/blog.zhdk.ch\/praxisjournal\/wp-json\/wp\/v2\/media?parent=573"}],"wp:term":[{"taxonomy":"category","embeddable":true,"href":"https:\/\/blog.zhdk.ch\/praxisjournal\/wp-json\/wp\/v2\/categories?post=573"},{"taxonomy":"post_tag","embeddable":true,"href":"https:\/\/blog.zhdk.ch\/praxisjournal\/wp-json\/wp\/v2\/tags?post=573"}],"curies":[{"name":"wp","href":"https:\/\/api.w.org\/{rel}","templated":true}]}}