{"id":619,"date":"2018-05-29T19:28:54","date_gmt":"2018-05-29T19:28:54","guid":{"rendered":"https:\/\/blog.zhdk.ch\/praxisjournal\/?p=619"},"modified":"2018-05-29T19:30:42","modified_gmt":"2018-05-29T19:30:42","slug":"interview-mit-vollkorn-illustration-grafik","status":"publish","type":"post","link":"https:\/\/blog.zhdk.ch\/praxisjournal\/2018\/05\/29\/interview-mit-vollkorn-illustration-grafik\/","title":{"rendered":"Interview mit Vollkorn Illustration &amp; Grafik"},"content":{"rendered":"<p class=\"Standard\"><img loading=\"lazy\" decoding=\"async\" class=\"wp-image-625 size-large aligncenter\" src=\"https:\/\/blog.zhdk.ch\/praxisjournal\/files\/2018\/05\/Zeitstrahl_ZKB-1024x556.jpeg\" alt=\"\" width=\"960\" height=\"521\" srcset=\"https:\/\/blog.zhdk.ch\/praxisjournal\/files\/2018\/05\/Zeitstrahl_ZKB-1024x556.jpeg 1024w, https:\/\/blog.zhdk.ch\/praxisjournal\/files\/2018\/05\/Zeitstrahl_ZKB-300x163.jpeg 300w, https:\/\/blog.zhdk.ch\/praxisjournal\/files\/2018\/05\/Zeitstrahl_ZKB-768x417.jpeg 768w, https:\/\/blog.zhdk.ch\/praxisjournal\/files\/2018\/05\/Zeitstrahl_ZKB.jpeg 1280w\" sizes=\"auto, (max-width: 960px) 100vw, 960px\" \/><\/p>\n<p class=\"Standard\">Im Zusammenhang mit dem laufenden Praxisjournal hat sich das Atelier Vollkorn f\u00fcr ein Interview und vor allem f\u00fcr mich Zeit genommen. Das dreik\u00f6pfige Kollektiv mit Sam, Oxana und Anabel ist ein eingespieltes Team, welches Illustration und Grafik vereint.<\/p>\n<p class=\"Standard\">Alle drei studierten Design an der Z\u00fcrcher Hochschule der K\u00fcnste (ZHdK); Sam und Oxana wissenschaftliche Illustration und Anabel visuelle Kommunikation. Die Zusammensetzung des Trios ist auf eine \u00e4hnliche Haltung bez\u00fcglich Arbeit und Qualit\u00e4tsanspruch sowie das Interesse f\u00fcr medizinische Themen zur\u00fcckzuf\u00fchren.<\/p>\n<p>&nbsp;<\/p>\n<p class=\"Standard\">Mit dem Kollektiv \u00abVollkorn\u00bb haben sich alle drei den Wunsch der Selbst\u00e4ndigkeit erf\u00fcllt und sehen darin die M\u00f6glichkeit, sich regelm\u00e4ssig selbst neu zu erfinden.<\/p>\n<p class=\"Standard\"><strong><i>Weshalb der Name Vollkorn? \u00abPuh (schmunzelnd), wir sind nicht sicher, ob wir das heute nochmals genau so tun w\u00fcrden. Aber, an die Bar, in welcher der Name entstand, k\u00f6nnen wir uns noch gut erinnern\u00bb<\/i><\/strong><\/p>\n<p class=\"Standard\">Ihr liebstes Arbeitsmedium ist kein einzelnes Programm, kein spezifischer Stift oder Pinsel, sondern die Abwechslung der Instrumente als solche. Das Kollektiv trennt analoge und digitale Techniken nicht, sondern sieht sie als gleichgestellte Werkzeuge. Die Wahl der Umsetzungstechnik wird unter anderem durch den jeweiligen Auftrag mitbestimmt, wobei Vollkorn gerne auch eine beratende Rolle einnimmt. Anabel, Oxana und Sam pflegen die Haltung, dass eine faire Preispolitik diese Dienstleistung und die Ernsthaftigkeit von Gestaltung widerspiegeln sollen.<\/p>\n<p class=\"Standard\"><strong><i>Habt ihr durch euer Kollektiv \u00fcberhaupt Schwerpunkte? \u00abUnser Schwerpunkt ist Gestaltung\u00bb<\/i><\/strong><\/p>\n<p class=\"Standard\">Uns zuk\u00fcnftigen Illustratoren m\u00f6chte Vollkorn auf den Weg geben, w\u00e4hrend des Studiums nicht nur auf perfekt durchgezeichnete Endresultate hinzuarbeiten,\u00a0sondern\u00a0auch zu experimentieren sowie Arbeitsprozesse und Aufgabenstellungen zu reflektieren.<\/p>\n<p class=\"Standard\">Ich bedanke mich bei Oxana, Sam und Anabel, dass sie sich Zeit genommen und mir einen Einblick in ihr neues Atelier in Baden gew\u00e4hrt haben.<\/p>\n<p><img loading=\"lazy\" decoding=\"async\" class=\"alignnone  wp-image-633 aligncenter\" src=\"https:\/\/blog.zhdk.ch\/praxisjournal\/files\/2018\/05\/3D_Anatomie_Hirngold-1.jpg\" alt=\"\" width=\"318\" height=\"497\" srcset=\"https:\/\/blog.zhdk.ch\/praxisjournal\/files\/2018\/05\/3D_Anatomie_Hirngold-1.jpg 454w, https:\/\/blog.zhdk.ch\/praxisjournal\/files\/2018\/05\/3D_Anatomie_Hirngold-1-192x300.jpg 192w\" sizes=\"auto, (max-width: 318px) 100vw, 318px\" \/><\/p>\n<p><img loading=\"lazy\" decoding=\"async\" class=\"wp-image-623 aligncenter\" src=\"https:\/\/blog.zhdk.ch\/praxisjournal\/files\/2018\/05\/Infografik_So_glaubt_die_Schweiz.jpeg\" alt=\"\" width=\"506\" height=\"379\" srcset=\"https:\/\/blog.zhdk.ch\/praxisjournal\/files\/2018\/05\/Infografik_So_glaubt_die_Schweiz.jpeg 1280w, https:\/\/blog.zhdk.ch\/praxisjournal\/files\/2018\/05\/Infografik_So_glaubt_die_Schweiz-300x225.jpeg 300w, https:\/\/blog.zhdk.ch\/praxisjournal\/files\/2018\/05\/Infografik_So_glaubt_die_Schweiz-768x576.jpeg 768w, https:\/\/blog.zhdk.ch\/praxisjournal\/files\/2018\/05\/Infografik_So_glaubt_die_Schweiz-1024x768.jpeg 1024w\" sizes=\"auto, (max-width: 506px) 100vw, 506px\" \/><\/p>\n<p class=\"Standard\" style=\"text-align: center\"><a href=\"http:\/\/vollkorn-design.ch\/\">http:\/\/vollkorn-design.ch<\/a><\/p>\n<p>&nbsp;<\/p>\n","protected":false},"excerpt":{"rendered":"<p>Im Zusammenhang mit dem laufenden Praxisjournal hat sich das Atelier Vollkorn f\u00fcr ein Interview und vor allem f\u00fcr mich Zeit genommen. Das dreik\u00f6pfige Kollektiv mit Sam, Oxana und Anabel ist ein eingespieltes Team, welches Illustration und Grafik vereint. Alle drei studierten Design an der Z\u00fcrcher Hochschule der K\u00fcnste (ZHdK); Sam und Oxana wissenschaftliche Illustration und &hellip;<\/p>\n","protected":false},"author":3775,"featured_media":0,"comment_status":"open","ping_status":"open","sticky":false,"template":"","format":"standard","meta":{"footnotes":""},"categories":[1],"tags":[],"class_list":["post-619","post","type-post","status-publish","format-standard","hentry","category-uncategorized"],"_links":{"self":[{"href":"https:\/\/blog.zhdk.ch\/praxisjournal\/wp-json\/wp\/v2\/posts\/619","targetHints":{"allow":["GET"]}}],"collection":[{"href":"https:\/\/blog.zhdk.ch\/praxisjournal\/wp-json\/wp\/v2\/posts"}],"about":[{"href":"https:\/\/blog.zhdk.ch\/praxisjournal\/wp-json\/wp\/v2\/types\/post"}],"author":[{"embeddable":true,"href":"https:\/\/blog.zhdk.ch\/praxisjournal\/wp-json\/wp\/v2\/users\/3775"}],"replies":[{"embeddable":true,"href":"https:\/\/blog.zhdk.ch\/praxisjournal\/wp-json\/wp\/v2\/comments?post=619"}],"version-history":[{"count":6,"href":"https:\/\/blog.zhdk.ch\/praxisjournal\/wp-json\/wp\/v2\/posts\/619\/revisions"}],"predecessor-version":[{"id":641,"href":"https:\/\/blog.zhdk.ch\/praxisjournal\/wp-json\/wp\/v2\/posts\/619\/revisions\/641"}],"wp:attachment":[{"href":"https:\/\/blog.zhdk.ch\/praxisjournal\/wp-json\/wp\/v2\/media?parent=619"}],"wp:term":[{"taxonomy":"category","embeddable":true,"href":"https:\/\/blog.zhdk.ch\/praxisjournal\/wp-json\/wp\/v2\/categories?post=619"},{"taxonomy":"post_tag","embeddable":true,"href":"https:\/\/blog.zhdk.ch\/praxisjournal\/wp-json\/wp\/v2\/tags?post=619"}],"curies":[{"name":"wp","href":"https:\/\/api.w.org\/{rel}","templated":true}]}}