{"id":867,"date":"2019-05-16T17:58:31","date_gmt":"2019-05-16T17:58:31","guid":{"rendered":"https:\/\/blog.zhdk.ch\/praxisjournal\/?p=867"},"modified":"2019-05-16T17:58:31","modified_gmt":"2019-05-16T17:58:31","slug":"interview-mit-sabina-nuessli","status":"publish","type":"post","link":"https:\/\/blog.zhdk.ch\/praxisjournal\/2019\/05\/16\/interview-mit-sabina-nuessli\/","title":{"rendered":"Interview mit Sabina N\u00fcssli"},"content":{"rendered":"<p style=\"text-align: left\">Als Lilli und ich in der Kantonsarch\u00e4ologie in Luzern ankommen, werden wir nach Sabinas herzlicher Begr\u00fcssung kurz in der Arch\u00e4ologie herumgef\u00fchrt, welche sich in einer ausrangierten Textilfabrik befindet. Der Raum ist gross und hell, wir finden \u00fcberall Pflanzen. Die einzelnen Arbeitsbereiche sind voneinander mit W\u00e4ndchen getrennt. Nach der kurzen F\u00fchrung und Kennenlernen verschiedener ihrer Arbeitskollegen beginnt das Interview.<\/p>\n<p style=\"text-align: left\">Nachdem sie an der Schule f\u00fcr Gestaltung und Kunst Z\u00fcrich den Bachelor als Wissenschaftliche Zeichnerin absolviert hatte, wusste sie dank den verschiedenen Praktiken w\u00e4hrend des Studiums bereits, dass sie im Bereich der Arch\u00e4ologie arbeiten wollte. Sie hat bisher in der Kantonsarch\u00e4ologie Aargau, als selbstst\u00e4ndige Illustratorin und f\u00fcr fast 20 Jahre in der Kantonsarch\u00e4ologie in Zug gearbeitet. Heute hat sie eine 40 Prozent Stelle in Luzern.<\/p>\n<p style=\"text-align: left\">Auf die Frage, wie sie als Selbstst\u00e4ndige zu Kunden kam, antwortet sie, dass sie viele bereits aus Praktika kannte, sowie aus ihrer Zeit in der Kantonsarch\u00e4ologie und \u00fcber Kontakte von vergangenen Auftr\u00e4gen. Heute sind Besprechungen mit Arch\u00e4ologen, das analoge Aufnehmen der Funde, erneute Besprechungen mit den Arch\u00e4ologen und das digitale Reinzeichnen hier ihre Routine.<\/p>\n<p style=\"text-align: left\">Auf unsere Nachfrage, was sie als Idealauftrag gerne machen w\u00fcrde, sagt sie, sie vermisse Aquarell-Lebensbilder. Doch unter den Sparmassnahmen des Kantons und dem immer st\u00e4rker werdende Fokus auf Geschwindigkeit l\u00e4gen sie nicht mehr drin. Heute muss man auf die Konventionen, jedoch haupts\u00e4chlich auf Effizienz achten. Was ihr jedoch besondere Freude bereitet, sind die Reaktionen und die begeisterte Zusammenarbeit mit Arch\u00e4ologen. So erz\u00e4hlt sie uns voll Freude von einer der Keramikrekonstruktionen:<\/p>\n<p style=\"text-align: center\"><strong><em>\u201eWeisch es goht automatisch, ich bin so im Autopilot. Ich machs eifach g\u00e4rn. <\/em><\/strong><strong><em>Ich bin d\u00e4nn voll konzentriert!\u201c<\/em><\/strong><\/p>\n<p style=\"text-align: left\">Sie sagt, wir sollen die Schulzeit geniessen. Dinge ausprobieren und das finden, was uns liegt. Auch mal an gr\u00f6ssere Serien arbeiten und das Ganze betrachten. Denn im Berufsalltag habe man kaum noch Zeit dazu.<\/p>\n<p style=\"text-align: left\">Doch warnt sie uns auch. Wir sollen uns nach dem Studium nicht nur mit Praktiken begn\u00fcgen. Man solle daran denken sich abzusichern, sei dies mit einer Festanstellung neben der Selbstst\u00e4ndigen Arbeit oder Versicherungen. Man sei froh dar\u00fcber, wenn man es hat. Nach unserem Gespr\u00e4ch zeigt sie uns einige ihrer Arbeiten und stellt uns J\u00fcrg Manser vor.<\/p>\n<p style=\"text-align: left\">Nach einem gemeinsamen Mittagessen machen Lilli und Ich uns auch schon wieder auf den Weg. Wir bedanken uns bei Sabina daf\u00fcr, dass sich die Zeit genommen hat, mit uns dieses Interview durchzuf\u00fchren.<\/p>\n<p style=\"text-align: left\">https:\/\/www.sabinanuessli.ch<\/p>\n","protected":false},"excerpt":{"rendered":"<p>Als Lilli und ich in der Kantonsarch\u00e4ologie in Luzern ankommen, werden wir nach Sabinas herzlicher Begr\u00fcssung kurz in der Arch\u00e4ologie herumgef\u00fchrt, welche sich in einer ausrangierten Textilfabrik befindet. Der Raum ist gross und hell, wir finden \u00fcberall Pflanzen. Die einzelnen Arbeitsbereiche sind voneinander mit W\u00e4ndchen getrennt. Nach der kurzen F\u00fchrung und Kennenlernen verschiedener ihrer Arbeitskollegen &hellip;<\/p>\n","protected":false},"author":3631,"featured_media":869,"comment_status":"open","ping_status":"open","sticky":false,"template":"","format":"standard","meta":{"footnotes":""},"categories":[1],"tags":[],"class_list":["post-867","post","type-post","status-publish","format-standard","has-post-thumbnail","hentry","category-uncategorized"],"_links":{"self":[{"href":"https:\/\/blog.zhdk.ch\/praxisjournal\/wp-json\/wp\/v2\/posts\/867","targetHints":{"allow":["GET"]}}],"collection":[{"href":"https:\/\/blog.zhdk.ch\/praxisjournal\/wp-json\/wp\/v2\/posts"}],"about":[{"href":"https:\/\/blog.zhdk.ch\/praxisjournal\/wp-json\/wp\/v2\/types\/post"}],"author":[{"embeddable":true,"href":"https:\/\/blog.zhdk.ch\/praxisjournal\/wp-json\/wp\/v2\/users\/3631"}],"replies":[{"embeddable":true,"href":"https:\/\/blog.zhdk.ch\/praxisjournal\/wp-json\/wp\/v2\/comments?post=867"}],"version-history":[{"count":5,"href":"https:\/\/blog.zhdk.ch\/praxisjournal\/wp-json\/wp\/v2\/posts\/867\/revisions"}],"predecessor-version":[{"id":879,"href":"https:\/\/blog.zhdk.ch\/praxisjournal\/wp-json\/wp\/v2\/posts\/867\/revisions\/879"}],"wp:featuredmedia":[{"embeddable":true,"href":"https:\/\/blog.zhdk.ch\/praxisjournal\/wp-json\/wp\/v2\/media\/869"}],"wp:attachment":[{"href":"https:\/\/blog.zhdk.ch\/praxisjournal\/wp-json\/wp\/v2\/media?parent=867"}],"wp:term":[{"taxonomy":"category","embeddable":true,"href":"https:\/\/blog.zhdk.ch\/praxisjournal\/wp-json\/wp\/v2\/categories?post=867"},{"taxonomy":"post_tag","embeddable":true,"href":"https:\/\/blog.zhdk.ch\/praxisjournal\/wp-json\/wp\/v2\/tags?post=867"}],"curies":[{"name":"wp","href":"https:\/\/api.w.org\/{rel}","templated":true}]}}