{"id":13807,"date":"2024-12-22T17:04:06","date_gmt":"2024-12-22T16:04:06","guid":{"rendered":"https:\/\/blog.zhdk.ch\/zdok\/?p=13807"},"modified":"2025-01-19T15:32:31","modified_gmt":"2025-01-19T14:32:31","slug":"christian-iseli-5","status":"publish","type":"post","link":"https:\/\/blog.zhdk.ch\/zdok\/2024\/christian-iseli-5\/","title":{"rendered":"Christian Iseli"},"content":{"rendered":"<figure id=\"attachment_12000\" aria-describedby=\"caption-attachment-12000\" style=\"width: 300px\" class=\"wp-caption alignnone\"><a href=\"https:\/\/blog.zhdk.ch\/zdok\/files\/2023\/01\/Iseli_Christian_ZHdK.jpg\"><img loading=\"lazy\" decoding=\"async\" class=\"wp-image-12000 size-medium\" src=\"https:\/\/blog.zhdk.ch\/zdok\/files\/2023\/01\/Iseli_Christian_ZHdK-300x288.jpg\" alt=\"\" width=\"300\" height=\"288\" srcset=\"https:\/\/blog.zhdk.ch\/zdok\/files\/2023\/01\/Iseli_Christian_ZHdK-300x288.jpg 300w, https:\/\/blog.zhdk.ch\/zdok\/files\/2023\/01\/Iseli_Christian_ZHdK-1240x1190.jpg 1240w, https:\/\/blog.zhdk.ch\/zdok\/files\/2023\/01\/Iseli_Christian_ZHdK-768x737.jpg 768w, https:\/\/blog.zhdk.ch\/zdok\/files\/2023\/01\/Iseli_Christian_ZHdK-1536x1475.jpg 1536w, https:\/\/blog.zhdk.ch\/zdok\/files\/2023\/01\/Iseli_Christian_ZHdK.jpg 2048w\" sizes=\"auto, (max-width: 300px) 100vw, 300px\" \/><\/a><figcaption id=\"caption-attachment-12000\" class=\"wp-caption-text\">Bild: Pierre Mennel, ZHdK \u00a92019<\/figcaption><\/figure>\n<p style=\"font-weight: 400\">Christian Iseli studierte Geschichte, Germanistik und Anglistik an der Universit\u00e4t Bern. Nach Abschluss des Studiums war er als Journalist t\u00e4tig, realisierte Dokumentarfilme und arbeitete in den Bereichen Schnitt und Kamera bei Spiel- und Dokumentarfilmen. Ab 1992 war er f\u00fcr die Fachrichtung Film der Z\u00fcrcher Hochschule der K\u00fcnste t\u00e4tig. Zun\u00e4chst als Dozent, ab 2008 mit Professur. 2010 \u00fcbernahm er am Institute for the Performing Arts and Film die Leitung des Forschungsschwerpunkts Film (bis 2019). Zwischen 2010 und 2019 leitete er die Z\u00fcrcher Dokumentarfilmtagung ZDOK und verantwortete von 2012 bis 2019 den Masterstudiengang Dokumentarfilm. Ab 2018 leitete er das Art&amp;Tech-Lab <em>Immersive Arts Space<\/em> und war Inhaber der zugeh\u00f6rigen Professorenstelle. Seit August 2022 ist Iseli pensioniert. Bis Juli 2024 unterrichtete er im Master Dokumentarfilm und ist weiterhin Teil des ZDOK Redaktionsteams.<\/p>\n<p style=\"font-weight: 400\">Eigene Filme (Auswahl):<br \/>\n2011 \u00a0\u00a0 Das Album meiner Mutter (Kinodokumentarfilm)<br \/>\n2006 \u00a0\u00a0 Bauern zum Trotz (Fernsehdokumentarfilm)<br \/>\n1995 \u00a0\u00a0 Der Stand der Bauern (Kinodokumentarfilm)<br \/>\n1991\u00a0\u00a0\u00a0 Grauholz (Kinodokumentarfilm)<br \/>\n1988\u00a0\u00a0\u00a0 Le Terroriste Suisse (Kinodokumentarfilm)<\/p>\n<p style=\"font-weight: 400\">\u00a0Webseite: <a href=\"https:\/\/ifilm.ch\">ifilm.ch<\/a><\/p>\n<p style=\"font-weight: 400\"><strong>___<\/strong><br \/>\n<strong>ZDOK.25-Funktion<\/strong>:<br \/>\n<strong>&gt;<\/strong> Moderation, Mitglied Redaktionsteam<\/p>\n<p>&nbsp;<\/p>\n","protected":false},"excerpt":{"rendered":"<p>Christian Iseli studierte Geschichte, Germanistik und Anglistik an der Universit\u00e4t Bern. Nach Abschluss des Studiums war er als Journalist t\u00e4tig, realisierte Dokumentarfilme und arbeitete in den Bereichen Schnitt und Kamera bei Spiel- und Dokumentarfilmen. Ab 1992 war er f\u00fcr die Fachrichtung Film der Z\u00fcrcher Hochschule der K\u00fcnste t\u00e4tig. Zun\u00e4chst als Dozent, ab 2008 mit Professur. &hellip;<\/p>\n","protected":false},"author":3673,"featured_media":0,"comment_status":"closed","ping_status":"closed","sticky":false,"template":"","format":"standard","meta":{"footnotes":""},"categories":[593947],"tags":[593953,593979],"class_list":["post-13807","post","type-post","status-publish","format-standard","hentry","category-zdok-25","tag-moderation","tag-redaktionsteam"],"_links":{"self":[{"href":"https:\/\/blog.zhdk.ch\/zdok\/wp-json\/wp\/v2\/posts\/13807","targetHints":{"allow":["GET"]}}],"collection":[{"href":"https:\/\/blog.zhdk.ch\/zdok\/wp-json\/wp\/v2\/posts"}],"about":[{"href":"https:\/\/blog.zhdk.ch\/zdok\/wp-json\/wp\/v2\/types\/post"}],"author":[{"embeddable":true,"href":"https:\/\/blog.zhdk.ch\/zdok\/wp-json\/wp\/v2\/users\/3673"}],"replies":[{"embeddable":true,"href":"https:\/\/blog.zhdk.ch\/zdok\/wp-json\/wp\/v2\/comments?post=13807"}],"version-history":[{"count":17,"href":"https:\/\/blog.zhdk.ch\/zdok\/wp-json\/wp\/v2\/posts\/13807\/revisions"}],"predecessor-version":[{"id":15471,"href":"https:\/\/blog.zhdk.ch\/zdok\/wp-json\/wp\/v2\/posts\/13807\/revisions\/15471"}],"wp:attachment":[{"href":"https:\/\/blog.zhdk.ch\/zdok\/wp-json\/wp\/v2\/media?parent=13807"}],"wp:term":[{"taxonomy":"category","embeddable":true,"href":"https:\/\/blog.zhdk.ch\/zdok\/wp-json\/wp\/v2\/categories?post=13807"},{"taxonomy":"post_tag","embeddable":true,"href":"https:\/\/blog.zhdk.ch\/zdok\/wp-json\/wp\/v2\/tags?post=13807"}],"curies":[{"name":"wp","href":"https:\/\/api.w.org\/{rel}","templated":true}]}}