{"id":14875,"date":"2025-01-13T16:53:11","date_gmt":"2025-01-13T15:53:11","guid":{"rendered":"https:\/\/blog.zhdk.ch\/zdok\/?p=14875"},"modified":"2025-03-12T16:44:55","modified_gmt":"2025-03-12T15:44:55","slug":"die-evangelikale-welt-der-laederachs","status":"publish","type":"post","link":"https:\/\/blog.zhdk.ch\/zdok\/2025\/die-evangelikale-welt-der-laederachs\/","title":{"rendered":"DIE EVANGELIKALE WELT DER L\u00c4DERACHS"},"content":{"rendered":"<p><img loading=\"lazy\" decoding=\"async\" class=\"alignnone wp-image-14877 size-large\" src=\"https:\/\/blog.zhdk.ch\/zdok\/files\/2025\/01\/die-evangelikale-welt-der-laederachs-1001280x720-1-1240x698.jpeg\" alt=\"\" width=\"960\" height=\"540\" srcset=\"https:\/\/blog.zhdk.ch\/zdok\/files\/2025\/01\/die-evangelikale-welt-der-laederachs-1001280x720-1-1240x698.jpeg 1240w, https:\/\/blog.zhdk.ch\/zdok\/files\/2025\/01\/die-evangelikale-welt-der-laederachs-1001280x720-1-300x169.jpeg 300w, https:\/\/blog.zhdk.ch\/zdok\/files\/2025\/01\/die-evangelikale-welt-der-laederachs-1001280x720-1-768x432.jpeg 768w, https:\/\/blog.zhdk.ch\/zdok\/files\/2025\/01\/die-evangelikale-welt-der-laederachs-1001280x720-1.jpeg 1280w\" sizes=\"auto, (max-width: 960px) 100vw, 960px\" \/><br \/>\n<em>Filmstill aus DIE EVANGELIKALE WELT DER L\u00c4DERACHS, Schweiz 2023 \u00a9 SRF Schweizer Radio und Fernsehen<\/em><\/p>\n<h4>Ein Film von Eveline Falk<\/h4>\n<p>Schwere Vorw\u00fcrfe belasten J\u00fcrg L\u00e4derach, den ehemaligen Patron der Schokoladenfabrik L\u00e4derach. An einer von ihm mitbegr\u00fcndeten Schule sollen in fr\u00fcheren Jahren mehrere Kinder gez\u00fcchtigt worden sein. Erstmals reden die Kinder von damals und belasten die ehemals Verantwortlichen.<\/p>\n<p>&gt; <a href=\"https:\/\/www.srf.ch\/sendungen\/dok\/christliche-privatschule-ex-chocolatier-juerg-laederachs-evangelikale-welt-unter-beschuss\">Website<\/a><\/p>\n<p><strong>__<\/strong><br \/>\n<strong>ZDOK.25-Beitrag:<br \/>\n&gt; <a href=\"https:\/\/blog.zhdk.ch\/zdok\/2025\/podium-konfliktbereiche\/\">Podium: Konfliktbereiche der Regiearbeit<\/a><br \/>\nCV:<br \/>\n&gt; <\/strong><a href=\"https:\/\/blog.zhdk.ch\/zdok\/2025\/eveline-falk\/\">Eveline Falk<\/a><\/p>\n","protected":false},"excerpt":{"rendered":"<p>Filmstill aus DIE EVANGELIKALE WELT DER L\u00c4DERACHS, Schweiz 2023 \u00a9 SRF Schweizer Radio und Fernsehen Ein Film von Eveline Falk Schwere Vorw\u00fcrfe belasten J\u00fcrg L\u00e4derach, den ehemaligen Patron der Schokoladenfabrik L\u00e4derach. An einer von ihm mitbegr\u00fcndeten Schule sollen in fr\u00fcheren Jahren mehrere Kinder gez\u00fcchtigt worden sein. Erstmals reden die Kinder von damals und belasten die &hellip;<\/p>\n","protected":false},"author":6363,"featured_media":0,"comment_status":"closed","ping_status":"closed","sticky":false,"template":"","format":"standard","meta":{"footnotes":""},"categories":[8524,593947],"tags":[],"class_list":["post-14875","post","type-post","status-publish","format-standard","hentry","category-filme","category-zdok-25"],"_links":{"self":[{"href":"https:\/\/blog.zhdk.ch\/zdok\/wp-json\/wp\/v2\/posts\/14875","targetHints":{"allow":["GET"]}}],"collection":[{"href":"https:\/\/blog.zhdk.ch\/zdok\/wp-json\/wp\/v2\/posts"}],"about":[{"href":"https:\/\/blog.zhdk.ch\/zdok\/wp-json\/wp\/v2\/types\/post"}],"author":[{"embeddable":true,"href":"https:\/\/blog.zhdk.ch\/zdok\/wp-json\/wp\/v2\/users\/6363"}],"replies":[{"embeddable":true,"href":"https:\/\/blog.zhdk.ch\/zdok\/wp-json\/wp\/v2\/comments?post=14875"}],"version-history":[{"count":4,"href":"https:\/\/blog.zhdk.ch\/zdok\/wp-json\/wp\/v2\/posts\/14875\/revisions"}],"predecessor-version":[{"id":16087,"href":"https:\/\/blog.zhdk.ch\/zdok\/wp-json\/wp\/v2\/posts\/14875\/revisions\/16087"}],"wp:attachment":[{"href":"https:\/\/blog.zhdk.ch\/zdok\/wp-json\/wp\/v2\/media?parent=14875"}],"wp:term":[{"taxonomy":"category","embeddable":true,"href":"https:\/\/blog.zhdk.ch\/zdok\/wp-json\/wp\/v2\/categories?post=14875"},{"taxonomy":"post_tag","embeddable":true,"href":"https:\/\/blog.zhdk.ch\/zdok\/wp-json\/wp\/v2\/tags?post=14875"}],"curies":[{"name":"wp","href":"https:\/\/api.w.org\/{rel}","templated":true}]}}