{"id":8237,"date":"2019-02-04T10:40:40","date_gmt":"2019-02-04T09:40:40","guid":{"rendered":"https:\/\/blog.zhdk.ch\/zdok\/?p=8237"},"modified":"2019-02-04T10:40:40","modified_gmt":"2019-02-04T09:40:40","slug":"stefan-schwietert","status":"publish","type":"post","link":"https:\/\/blog.zhdk.ch\/zdok\/2019\/stefan-schwietert\/","title":{"rendered":"STEFAN SCHWIETERT"},"content":{"rendered":"<p><img loading=\"lazy\" decoding=\"async\" class=\"size-medium wp-image-8239 alignnone\" src=\"https:\/\/blog.zhdk.ch\/zdok\/files\/2019\/02\/Stefan_Schwietert-290x300.jpg\" alt=\"\" width=\"290\" height=\"300\" srcset=\"https:\/\/blog.zhdk.ch\/zdok\/files\/2019\/02\/Stefan_Schwietert-290x300.jpg 290w, https:\/\/blog.zhdk.ch\/zdok\/files\/2019\/02\/Stefan_Schwietert-768x796.jpg 768w, https:\/\/blog.zhdk.ch\/zdok\/files\/2019\/02\/Stefan_Schwietert.jpg 809w\" sizes=\"auto, (max-width: 290px) 100vw, 290px\" \/><\/p>\n<p>Stefan Schwietert wurde in Deutschland geboren, wuchs dann mehrheitlich in der Schweiz auf. Von 1984 bis 1990 studierte er an der Deutschen Film- und Fernsehakademie in Berlin. Nach dem Studium gr\u00fcndete Schwietert die Produktionsfirma Neapel Film und arbeitet seitdem als Dokumentarfilmregisseur.<\/p>\n<p>Seine Filme drehen sich im weitesten Sinne um die &#8222;Conditio Humana&#8220;. Im Zentrum stehen Geschichten von Musikern und ihrer Musik. Sie erz\u00e4hlen vom Verlust und der Erneuerung von Traditionen, ausgel\u00f6st durch Umbr\u00fcche wie Krieg, politischen Zw\u00e4ngen oder technologischem Fortschritt. Schwieterts Filme wurden vielfach ausgezeichnet, unter anderem mit dem Bayerischen Filmpreis, einer Nominierung f\u00fcr den europ\u00e4ischen Filmpreis und zwei Mal dem Schweizer Filmpreis. Die Filme fanden Verleiher in Europa, Nord- und S\u00fcdamerika und erreichten international mehrere hunderttausend Kinozuschauer. Seit 2014 ist Stefan Schwietert Professor f\u00fcr Dokumentarfilmregie an der Filmuniversit\u00e4t Potsdam\/Babelsberg.<\/p>\n<p>&nbsp;<\/p>\n<ul>\n<li>2015 Imagine Waking Up Tomorrow and all Music has Disappeared<\/li>\n<li>2011 Balkan Melodie<\/li>\n<li>2007 Heimatkl\u00e4nge<\/li>\n<li>2004 Accordion Tribe<\/li>\n<li>2003 Das Alphorn<\/li>\n<li>2000 El Acordeon del Diablo<\/li>\n<li>1996 A Tickle in the Heart<br \/>\n<hr \/>\n<\/li>\n<\/ul>\n","protected":false},"excerpt":{"rendered":"<p>Stefan Schwietert wurde in Deutschland geboren, wuchs dann mehrheitlich in der Schweiz auf. Von 1984 bis 1990 studierte er an der Deutschen Film- und Fernsehakademie in Berlin. Nach dem Studium gr\u00fcndete Schwietert die Produktionsfirma Neapel Film und arbeitet seitdem als Dokumentarfilmregisseur. Seine Filme drehen sich im weitesten Sinne um die &#8222;Conditio Humana&#8220;. Im Zentrum stehen &hellip;<\/p>\n","protected":false},"author":3675,"featured_media":0,"comment_status":"closed","ping_status":"closed","sticky":false,"template":"","format":"standard","meta":{"footnotes":""},"categories":[376587,511129,593941],"tags":[],"class_list":["post-8237","post","type-post","status-publish","format-standard","hentry","category-deutsch","category-gaeste","category-zdok-19"],"_links":{"self":[{"href":"https:\/\/blog.zhdk.ch\/zdok\/wp-json\/wp\/v2\/posts\/8237","targetHints":{"allow":["GET"]}}],"collection":[{"href":"https:\/\/blog.zhdk.ch\/zdok\/wp-json\/wp\/v2\/posts"}],"about":[{"href":"https:\/\/blog.zhdk.ch\/zdok\/wp-json\/wp\/v2\/types\/post"}],"author":[{"embeddable":true,"href":"https:\/\/blog.zhdk.ch\/zdok\/wp-json\/wp\/v2\/users\/3675"}],"replies":[{"embeddable":true,"href":"https:\/\/blog.zhdk.ch\/zdok\/wp-json\/wp\/v2\/comments?post=8237"}],"version-history":[{"count":2,"href":"https:\/\/blog.zhdk.ch\/zdok\/wp-json\/wp\/v2\/posts\/8237\/revisions"}],"predecessor-version":[{"id":8243,"href":"https:\/\/blog.zhdk.ch\/zdok\/wp-json\/wp\/v2\/posts\/8237\/revisions\/8243"}],"wp:attachment":[{"href":"https:\/\/blog.zhdk.ch\/zdok\/wp-json\/wp\/v2\/media?parent=8237"}],"wp:term":[{"taxonomy":"category","embeddable":true,"href":"https:\/\/blog.zhdk.ch\/zdok\/wp-json\/wp\/v2\/categories?post=8237"},{"taxonomy":"post_tag","embeddable":true,"href":"https:\/\/blog.zhdk.ch\/zdok\/wp-json\/wp\/v2\/tags?post=8237"}],"curies":[{"name":"wp","href":"https:\/\/api.w.org\/{rel}","templated":true}]}}